
{"id":1991,"date":"2005-05-09T00:00:00","date_gmt":"2005-05-09T00:00:00","guid":{"rendered":"https:\/\/www.tnsglobal.pl\/archiwumraportow\/2005\/05\/09\/spoleczne-oceny-rzadu-premiera-i-prezydenta-na-poczatku-maja-2005-r\/"},"modified":"2005-05-09T00:00:00","modified_gmt":"2005-05-09T00:00:00","slug":"spoleczne-oceny-rzadu-premiera-i-prezydenta-na-poczatku-maja-2005-r","status":"publish","type":"post","link":"https:\/\/public.kantarpolska.com\/archiwumraportow\/2005\/05\/09\/spoleczne-oceny-rzadu-premiera-i-prezydenta-na-poczatku-maja-2005-r\/","title":{"rendered":"Spo\u0142eczne oceny rz\u0105du, premiera i prezydenta na pocz\u0105tku maja 2005 r."},"content":{"rendered":"<p>Na pocz\u0105tku maja 2005 r., podobnie jak na pocz\u0105tku ka\u017cdego miesi\u0105ca, TNS OBOP zbada\u0142, jak spo\u0142ecze\u0144stwo ocenia dzia\u0142alno\u015b\u0107 rz\u0105du, premiera i prezydenta. Respondenci ocenili dzia\u0142alno\u015b\u0107 premiera Marka<!--more--> Belki i kierowanego przez niego rz\u0105du oraz wype\u0142nianie obowi\u0105zk\u00f3w prezydenta przez Aleksandra Kwa\u015bniewskiego. W komunikacie zaprezentowane zosta\u0142y wyniki pomiaru ocen premiera, rz\u0105du i prezydenta. Notowania prezydenta por\u00f3wnane s\u0105 z jego notowaniami od marca 2004 r. Oceny Marka Belki i jego rz\u0105du odniesione zosta\u0142y do ich ocen od pocz\u0105tku urz\u0119dowania, czyli od maja 2004 r.<\/p>\n<div class=\"infopay\">Raport udost\u0119pniany jest bezp\u0142atnie, w us\u0142udze &#8222;udost\u0119pnij aby pobra\u0107&#8221;.<br \/>\n          <b>Na czym to polega?<\/b> Raport b\u0119dzie dost\u0119pny do pobrania w pdf po udost\u0119pnieniu wpisu z linkiem do Archiwum Raport\u00f3w TNS Polska na wybranym serwisie spo\u0142eczno\u015bciowym: Facebooku lub Twitterze.\n          <\/div>\n","protected":false},"excerpt":{"rendered":"<p>Na pocz\u0105tku maja 2005 r., podobnie jak na pocz\u0105tku ka\u017cdego miesi\u0105ca, TNS OBOP zbada\u0142, jak spo\u0142ecze\u0144stwo ocenia dzia\u0142alno\u015b\u0107 rz\u0105du, premiera i prezydenta. Respondenci ocenili dzia\u0142alno\u015b\u0107 premiera Marka<\/p>\n","protected":false},"author":1,"featured_media":0,"comment_status":"closed","ping_status":"closed","sticky":false,"template":"","format":"standard","meta":{"ngg_post_thumbnail":0},"categories":[1],"tags":[],"_links":{"self":[{"href":"https:\/\/public.kantarpolska.com\/archiwumraportow\/wp-json\/wp\/v2\/posts\/1991"}],"collection":[{"href":"https:\/\/public.kantarpolska.com\/archiwumraportow\/wp-json\/wp\/v2\/posts"}],"about":[{"href":"https:\/\/public.kantarpolska.com\/archiwumraportow\/wp-json\/wp\/v2\/types\/post"}],"author":[{"embeddable":true,"href":"https:\/\/public.kantarpolska.com\/archiwumraportow\/wp-json\/wp\/v2\/users\/1"}],"replies":[{"embeddable":true,"href":"https:\/\/public.kantarpolska.com\/archiwumraportow\/wp-json\/wp\/v2\/comments?post=1991"}],"version-history":[{"count":0,"href":"https:\/\/public.kantarpolska.com\/archiwumraportow\/wp-json\/wp\/v2\/posts\/1991\/revisions"}],"wp:attachment":[{"href":"https:\/\/public.kantarpolska.com\/archiwumraportow\/wp-json\/wp\/v2\/media?parent=1991"}],"wp:term":[{"taxonomy":"category","embeddable":true,"href":"https:\/\/public.kantarpolska.com\/archiwumraportow\/wp-json\/wp\/v2\/categories?post=1991"},{"taxonomy":"post_tag","embeddable":true,"href":"https:\/\/public.kantarpolska.com\/archiwumraportow\/wp-json\/wp\/v2\/tags?post=1991"}],"curies":[{"name":"wp","href":"https:\/\/api.w.org\/{rel}","templated":true}]}}