
{"id":192,"date":"1999-01-26T00:00:00","date_gmt":"1999-01-26T00:00:00","guid":{"rendered":"https:\/\/www.tnsglobal.pl\/archiwumraportow\/1999\/01\/26\/przewidywane-skutki-reformy-sluzby-zdrowia\/"},"modified":"1999-01-26T00:00:00","modified_gmt":"1999-01-26T00:00:00","slug":"przewidywane-skutki-reformy-sluzby-zdrowia","status":"publish","type":"post","link":"https:\/\/public.kantarpolska.com\/archiwumraportow\/1999\/01\/26\/przewidywane-skutki-reformy-sluzby-zdrowia\/","title":{"rendered":"Przewidywane skutki reformy s\u0142u\u017cby zdrowia"},"content":{"rendered":"<p>Sonda\u017c przeprowadzony zosta\u0142 w drugiej po\u0142owie stycznia, trzy tygodnie po wprowadzeniu w \u017cycie reformy s\u0142u\u017cby zdrowia. Komunikat informuje o spo\u0142ecznej ocenie szans powodzenia tej reformy &#8211; czy jej pocz\u0105tek<!--more--> zapowiada powodzenie, czy niepowodzenie, oraz o przewidywanych konsekwencjach wprowadzonych zmian. Zapytali\u015bmy r\u00f3wnie\u017c Polak\u00f3w o ich ocen\u0119 komu &#8211; pacjentom, lekarzom, innym pracownikom s\u0142u\u017cby zdrowia, czy te\u017c samym plac\u00f3wkom s\u0142u\u017cby zdrowia &#8211; przyniesie ona wi\u0119cej dobrego czy wi\u0119cej z\u0142ego. Interesowa\u0142y nas tak\u017ce opinie dotycz\u0105ce tego czy wskutek reformy system opieki zdrowotnej zmieni si\u0119 na lepsze czy na gorsze pod wzgl\u0119dem dost\u0119pno\u015bci s\u0142u\u017cby zdrowia, koszt\u00f3w leczenia i stosunku lekarzy do pacjent\u00f3w. Sonda\u017c OBOP umo\u017cliwia por\u00f3wnanie w jakim stopniu pocz\u0105tek wdra\u017cania reformy wp\u0142yn\u0105\u0142 na obawy i nadzieje z ni\u0105 zwi\u0105zane, czy w stosunku do pocz\u0105tku grudnia wi\u0119cej jest optymist\u00f3w oczekuj\u0105cych korzystnych zmian, czy raczej pesymist\u00f3w obawiaj\u0105cych si\u0119 negatywnych konsekwencji.<\/p>\n<div class=\"infopay\">Raport udost\u0119pniany jest bezp\u0142atnie, w us\u0142udze &#8222;udost\u0119pnij aby pobra\u0107&#8221;.<br \/>\n          <b>Na czym to polega?<\/b> Raport b\u0119dzie dost\u0119pny do pobrania w pdf po udost\u0119pnieniu wpisu z linkiem do Archiwum Raport\u00f3w TNS Polska na wybranym serwisie spo\u0142eczno\u015bciowym: Facebooku lub Twitterze.\n          <\/div>\n","protected":false},"excerpt":{"rendered":"<p>Sonda\u017c przeprowadzony zosta\u0142 w drugiej po\u0142owie stycznia, trzy tygodnie po wprowadzeniu w \u017cycie reformy s\u0142u\u017cby zdrowia. Komunikat informuje o spo\u0142ecznej ocenie szans powodzenia tej reformy &#8211; czy jej pocz\u0105tek<\/p>\n","protected":false},"author":1,"featured_media":0,"comment_status":"closed","ping_status":"closed","sticky":false,"template":"","format":"standard","meta":{"ngg_post_thumbnail":0},"categories":[1],"tags":[],"_links":{"self":[{"href":"https:\/\/public.kantarpolska.com\/archiwumraportow\/wp-json\/wp\/v2\/posts\/192"}],"collection":[{"href":"https:\/\/public.kantarpolska.com\/archiwumraportow\/wp-json\/wp\/v2\/posts"}],"about":[{"href":"https:\/\/public.kantarpolska.com\/archiwumraportow\/wp-json\/wp\/v2\/types\/post"}],"author":[{"embeddable":true,"href":"https:\/\/public.kantarpolska.com\/archiwumraportow\/wp-json\/wp\/v2\/users\/1"}],"replies":[{"embeddable":true,"href":"https:\/\/public.kantarpolska.com\/archiwumraportow\/wp-json\/wp\/v2\/comments?post=192"}],"version-history":[{"count":0,"href":"https:\/\/public.kantarpolska.com\/archiwumraportow\/wp-json\/wp\/v2\/posts\/192\/revisions"}],"wp:attachment":[{"href":"https:\/\/public.kantarpolska.com\/archiwumraportow\/wp-json\/wp\/v2\/media?parent=192"}],"wp:term":[{"taxonomy":"category","embeddable":true,"href":"https:\/\/public.kantarpolska.com\/archiwumraportow\/wp-json\/wp\/v2\/categories?post=192"},{"taxonomy":"post_tag","embeddable":true,"href":"https:\/\/public.kantarpolska.com\/archiwumraportow\/wp-json\/wp\/v2\/tags?post=192"}],"curies":[{"name":"wp","href":"https:\/\/api.w.org\/{rel}","templated":true}]}}