
{"id":191,"date":"1999-01-26T00:00:00","date_gmt":"1999-01-26T00:00:00","guid":{"rendered":"https:\/\/www.tnsglobal.pl\/archiwumraportow\/1999\/01\/26\/o-wyborze-jerzego-buzka-na-przewodniczacego-ruchu-spolecznego-aws\/"},"modified":"1999-01-26T00:00:00","modified_gmt":"1999-01-26T00:00:00","slug":"o-wyborze-jerzego-buzka-na-przewodniczacego-ruchu-spolecznego-aws","status":"publish","type":"post","link":"https:\/\/public.kantarpolska.com\/archiwumraportow\/1999\/01\/26\/o-wyborze-jerzego-buzka-na-przewodniczacego-ruchu-spolecznego-aws\/","title":{"rendered":"O wyborze Jerzego Buzka na przewodnicz\u0105cego Ruchu Spo\u0142ecznego AWS"},"content":{"rendered":"<p>W po\u0142owie stycznia odby\u0142 si\u0119 pierwszy kongres Ruchu Spo\u0142ecznego AWS, podczas kt\u00f3rego dokonano wyboru nowych w\u0142adz tego ugrupowania. Postanowili\u015bmy sprawdzi\u0107, jakie by\u0142o poinformowanie na temat tego wydarzenia,<!--more--> czy Polacy orientuj\u0105 si\u0119 kto zosta\u0142 przewodnicz\u0105cym RS AWS oraz kto do tej pory pe\u0142ni\u0142 t\u0119 funkcj\u0119, jak wyb\u00f3r RS AWS oceniany jest przez Polak\u00f3w i jakich skutk\u00f3w &#8211; dla r\u00f3\u017cnych dziedzin \u017cycia publicznego &#8211; si\u0119 spodziewaj\u0105. Przy okazji sprawdzili\u015bmy tak\u017ce, jakie jest poinformowanie spo\u0142ecze\u0144stwa na temat struktury Akcji Wyborczej Solidarno\u015b\u0107 &#8211; czy Polacy orientuj\u0105 si\u0119, jakie &#8211; a je\u015bli tak, to jakie &#8211; organizacje wsp\u00f3\u0142tworz\u0105 jedno z najwi\u0119kszych ugrupowa\u0144 politycznych w naszym kraju. W komunikacie zaprezentowano postawy os\u00f3b o r\u00f3\u017cnych pogl\u0105dach politycznych i r\u00f3\u017cnych preferencjach partyjnych. Pozwala to por\u00f3wna\u0107 opinie elektoratu AWS (ugrupowania, w kt\u00f3rego sk\u0142ad wchodzi RS AWS) z elektoratami innych partii.<\/p>\n<div class=\"infopay\">Raport udost\u0119pniany jest bezp\u0142atnie, w us\u0142udze &#8222;udost\u0119pnij aby pobra\u0107&#8221;.<br \/>\n          <b>Na czym to polega?<\/b> Raport b\u0119dzie dost\u0119pny do pobrania w pdf po udost\u0119pnieniu wpisu z linkiem do Archiwum Raport\u00f3w TNS Polska na wybranym serwisie spo\u0142eczno\u015bciowym: Facebooku lub Twitterze.\n          <\/div>\n","protected":false},"excerpt":{"rendered":"<p>W po\u0142owie stycznia odby\u0142 si\u0119 pierwszy kongres Ruchu Spo\u0142ecznego AWS, podczas kt\u00f3rego dokonano wyboru nowych w\u0142adz tego ugrupowania. Postanowili\u015bmy sprawdzi\u0107, jakie by\u0142o poinformowanie na temat tego wydarzenia,<\/p>\n","protected":false},"author":1,"featured_media":0,"comment_status":"closed","ping_status":"closed","sticky":false,"template":"","format":"standard","meta":{"ngg_post_thumbnail":0},"categories":[1],"tags":[],"_links":{"self":[{"href":"https:\/\/public.kantarpolska.com\/archiwumraportow\/wp-json\/wp\/v2\/posts\/191"}],"collection":[{"href":"https:\/\/public.kantarpolska.com\/archiwumraportow\/wp-json\/wp\/v2\/posts"}],"about":[{"href":"https:\/\/public.kantarpolska.com\/archiwumraportow\/wp-json\/wp\/v2\/types\/post"}],"author":[{"embeddable":true,"href":"https:\/\/public.kantarpolska.com\/archiwumraportow\/wp-json\/wp\/v2\/users\/1"}],"replies":[{"embeddable":true,"href":"https:\/\/public.kantarpolska.com\/archiwumraportow\/wp-json\/wp\/v2\/comments?post=191"}],"version-history":[{"count":0,"href":"https:\/\/public.kantarpolska.com\/archiwumraportow\/wp-json\/wp\/v2\/posts\/191\/revisions"}],"wp:attachment":[{"href":"https:\/\/public.kantarpolska.com\/archiwumraportow\/wp-json\/wp\/v2\/media?parent=191"}],"wp:term":[{"taxonomy":"category","embeddable":true,"href":"https:\/\/public.kantarpolska.com\/archiwumraportow\/wp-json\/wp\/v2\/categories?post=191"},{"taxonomy":"post_tag","embeddable":true,"href":"https:\/\/public.kantarpolska.com\/archiwumraportow\/wp-json\/wp\/v2\/tags?post=191"}],"curies":[{"name":"wp","href":"https:\/\/api.w.org\/{rel}","templated":true}]}}