
{"id":189,"date":"1999-01-12T00:00:00","date_gmt":"1999-01-12T00:00:00","guid":{"rendered":"https:\/\/www.tnsglobal.pl\/archiwumraportow\/1999\/01\/12\/opinie-o-protestach-gornikow-i-anestezjologow\/"},"modified":"1999-01-12T00:00:00","modified_gmt":"1999-01-12T00:00:00","slug":"opinie-o-protestach-gornikow-i-anestezjologow","status":"publish","type":"post","link":"https:\/\/public.kantarpolska.com\/archiwumraportow\/1999\/01\/12\/opinie-o-protestach-gornikow-i-anestezjologow\/","title":{"rendered":"Opinie o protestach g\u00f3rnik\u00f3w i anestezjolog\u00f3w"},"content":{"rendered":"<p>Prze\u0142om 1998 i 1999 roku by\u0142 czasem wielu wydarze\u0144 w \u017cyciu spo\u0142ecznym i politycznym naszego kraju. Wej\u015bciu w \u017cycie wa\u017cnych reform strukturalnych towarzyszy\u0142y protesty grup zawodowych: reformie ubezpiecze\u0144<!--more--> spo\u0142ecznych &#8211; strajki g\u00f3rnik\u00f3w, a reformie s\u0142u\u017cby zdrowia &#8211; strajk lekarzy anestezjolog\u00f3w. Komunikat z sonda\u017cu przeprowadzonego w pierwszej dekadzie stycznia przedstawia stosunek spo\u0142ecze\u0144stwa polskiego do tych protest\u00f3w: czy Polacy orientowali si\u0119 co sk\u0142oni\u0142o protestuj\u0105cych do podj\u0119cia akcji strajkowej oraz w jakim stopniu uznawali zasadno\u015b\u0107 prowadzenia tych strajk\u00f3w. OBOP zapyta\u0142 r\u00f3wnie\u017c o opinie na temat tego czy rz\u0105d powinien ust\u0105pi\u0107 strajkuj\u0105cym. Interesuj\u0105ce jest zw\u0142aszcza zestawienie opinii o strajku g\u00f3rnik\u00f3w ze stanowiskiem wobec protestu lekarzy anestezjolog\u00f3w &#8211; stopie\u0144 poparcia dla ka\u017cdego z nich jest zasadniczo odmienny.<\/p>\n<div class=\"infopay\">Raport udost\u0119pniany jest bezp\u0142atnie, w us\u0142udze &#8222;udost\u0119pnij aby pobra\u0107&#8221;.<br \/>\n          <b>Na czym to polega?<\/b> Raport b\u0119dzie dost\u0119pny do pobrania w pdf po udost\u0119pnieniu wpisu z linkiem do Archiwum Raport\u00f3w TNS Polska na wybranym serwisie spo\u0142eczno\u015bciowym: Facebooku lub Twitterze.\n          <\/div>\n","protected":false},"excerpt":{"rendered":"<p>Prze\u0142om 1998 i 1999 roku by\u0142 czasem wielu wydarze\u0144 w \u017cyciu spo\u0142ecznym i politycznym naszego kraju. Wej\u015bciu w \u017cycie wa\u017cnych reform strukturalnych towarzyszy\u0142y protesty grup zawodowych: reformie ubezpiecze\u0144<\/p>\n","protected":false},"author":1,"featured_media":0,"comment_status":"closed","ping_status":"closed","sticky":false,"template":"","format":"standard","meta":{"ngg_post_thumbnail":0},"categories":[1],"tags":[],"_links":{"self":[{"href":"https:\/\/public.kantarpolska.com\/archiwumraportow\/wp-json\/wp\/v2\/posts\/189"}],"collection":[{"href":"https:\/\/public.kantarpolska.com\/archiwumraportow\/wp-json\/wp\/v2\/posts"}],"about":[{"href":"https:\/\/public.kantarpolska.com\/archiwumraportow\/wp-json\/wp\/v2\/types\/post"}],"author":[{"embeddable":true,"href":"https:\/\/public.kantarpolska.com\/archiwumraportow\/wp-json\/wp\/v2\/users\/1"}],"replies":[{"embeddable":true,"href":"https:\/\/public.kantarpolska.com\/archiwumraportow\/wp-json\/wp\/v2\/comments?post=189"}],"version-history":[{"count":0,"href":"https:\/\/public.kantarpolska.com\/archiwumraportow\/wp-json\/wp\/v2\/posts\/189\/revisions"}],"wp:attachment":[{"href":"https:\/\/public.kantarpolska.com\/archiwumraportow\/wp-json\/wp\/v2\/media?parent=189"}],"wp:term":[{"taxonomy":"category","embeddable":true,"href":"https:\/\/public.kantarpolska.com\/archiwumraportow\/wp-json\/wp\/v2\/categories?post=189"},{"taxonomy":"post_tag","embeddable":true,"href":"https:\/\/public.kantarpolska.com\/archiwumraportow\/wp-json\/wp\/v2\/tags?post=189"}],"curies":[{"name":"wp","href":"https:\/\/api.w.org\/{rel}","templated":true}]}}