
{"id":1842,"date":"2006-07-10T00:00:00","date_gmt":"2006-07-10T00:00:00","guid":{"rendered":"https:\/\/www.tnsglobal.pl\/archiwumraportow\/2006\/07\/10\/sprawa-zyty-gilowskiej\/"},"modified":"2006-07-10T00:00:00","modified_gmt":"2006-07-10T00:00:00","slug":"sprawa-zyty-gilowskiej","status":"publish","type":"post","link":"https:\/\/public.kantarpolska.com\/archiwumraportow\/2006\/07\/10\/sprawa-zyty-gilowskiej\/","title":{"rendered":"Sprawa Zyty Gilowskiej"},"content":{"rendered":"<p>Sprawa wicepremier Zyty Gilowskiej, jej lustracji i udzielonej jej przez premiera dymisji (23.06.2006) wzbudzi\u0142a ogromne zainteresowanie i emocje polityk\u00f3w i medi\u00f3w. Wszyscy g\u0142\u00f3wni &#8222;aktorzy&#8221; w tej sprawie<!--more--> byli o co\u015b publicznie oskar\u017cani. Przypadek Gilowskiej by\u0142 te\u017c kolejnym bod\u017acem do podj\u0119cia zasadniczej dyskusji na temat lustracji. Og\u00f3lnopolski sonda\u017c reprezentacyjny przeprowadzony przez TNS OBOP w dniach 6-10 lipca 2006 r. pokazuje, w jakiej mierze spraw\u0105 t\u0105 \u017cyje i co o niej my\u015bli masowa opinia publiczna..<\/p>\n<div class=\"infopay\">Raport udost\u0119pniany jest bezp\u0142atnie, w us\u0142udze &#8222;udost\u0119pnij aby pobra\u0107&#8221;.<br \/>\n          <b>Na czym to polega?<\/b> Raport b\u0119dzie dost\u0119pny do pobrania w pdf po udost\u0119pnieniu wpisu z linkiem do Archiwum Raport\u00f3w TNS Polska na wybranym serwisie spo\u0142eczno\u015bciowym: Facebooku lub Twitterze.\n          <\/div>\n","protected":false},"excerpt":{"rendered":"<p>Sprawa wicepremier Zyty Gilowskiej, jej lustracji i udzielonej jej przez premiera dymisji (23.06.2006) wzbudzi\u0142a ogromne zainteresowanie i emocje polityk\u00f3w i medi\u00f3w. Wszyscy g\u0142\u00f3wni &#8222;aktorzy&#8221; w tej sprawie<\/p>\n","protected":false},"author":1,"featured_media":0,"comment_status":"closed","ping_status":"closed","sticky":false,"template":"","format":"standard","meta":{"ngg_post_thumbnail":0},"categories":[1],"tags":[],"_links":{"self":[{"href":"https:\/\/public.kantarpolska.com\/archiwumraportow\/wp-json\/wp\/v2\/posts\/1842"}],"collection":[{"href":"https:\/\/public.kantarpolska.com\/archiwumraportow\/wp-json\/wp\/v2\/posts"}],"about":[{"href":"https:\/\/public.kantarpolska.com\/archiwumraportow\/wp-json\/wp\/v2\/types\/post"}],"author":[{"embeddable":true,"href":"https:\/\/public.kantarpolska.com\/archiwumraportow\/wp-json\/wp\/v2\/users\/1"}],"replies":[{"embeddable":true,"href":"https:\/\/public.kantarpolska.com\/archiwumraportow\/wp-json\/wp\/v2\/comments?post=1842"}],"version-history":[{"count":0,"href":"https:\/\/public.kantarpolska.com\/archiwumraportow\/wp-json\/wp\/v2\/posts\/1842\/revisions"}],"wp:attachment":[{"href":"https:\/\/public.kantarpolska.com\/archiwumraportow\/wp-json\/wp\/v2\/media?parent=1842"}],"wp:term":[{"taxonomy":"category","embeddable":true,"href":"https:\/\/public.kantarpolska.com\/archiwumraportow\/wp-json\/wp\/v2\/categories?post=1842"},{"taxonomy":"post_tag","embeddable":true,"href":"https:\/\/public.kantarpolska.com\/archiwumraportow\/wp-json\/wp\/v2\/tags?post=1842"}],"curies":[{"name":"wp","href":"https:\/\/api.w.org\/{rel}","templated":true}]}}