
{"id":181,"date":"1999-12-13T00:00:00","date_gmt":"1999-12-13T00:00:00","guid":{"rendered":"https:\/\/www.tnsglobal.pl\/archiwumraportow\/1999\/12\/13\/nastroje-spoleczne-w-polowie-grudnia-1999-r\/"},"modified":"1999-12-13T00:00:00","modified_gmt":"1999-12-13T00:00:00","slug":"nastroje-spoleczne-w-polowie-grudnia-1999-r","status":"publish","type":"post","link":"https:\/\/public.kantarpolska.com\/archiwumraportow\/1999\/12\/13\/nastroje-spoleczne-w-polowie-grudnia-1999-r\/","title":{"rendered":"Nastroje spo\u0142eczne w po\u0142owie grudnia 1999 r."},"content":{"rendered":"<p>W po\u0142owie grudnia 1999 roku OBOP przeprowadzi\u0142 kolejny sonda\u017c dotycz\u0105cy nastroj\u00f3w polskiego spo\u0142ecze\u0144stwa: oceny sytuacji w kraju, stanu naszej gospodarki i prognozy warunk\u00f3w \u017cycia ludno\u015bci w ci\u0105gu najbli\u017cszych<!--more--> trzech lat. Znaczenie dla og\u00f3lnej, gospodarczej i ekonomicznej oceny sytuacji naszego kraju mog\u0142y mie\u0107 przede wszystkim informacje dobiegaj\u0105ce z odbywaj\u0105cego si\u0119 w Helsinkach szczytu Unii Europejskiej, na kt\u00f3rym dyskutowano m.in. o dacie przyj\u0119cia nas do tej organizacji. Ponadto, ju\u017c w Polsce, mia\u0142 miejsce zjazd Solidarno\u015bci, w mediach wspominano r\u00f3wnie\u017c o 18 rocznicy wprowadzenia stanu wojennego.<\/p>\n<div class=\"infopay\">Raport udost\u0119pniany jest bezp\u0142atnie, w us\u0142udze &#8222;udost\u0119pnij aby pobra\u0107&#8221;.<br \/>\n          <b>Na czym to polega?<\/b> Raport b\u0119dzie dost\u0119pny do pobrania w pdf po udost\u0119pnieniu wpisu z linkiem do Archiwum Raport\u00f3w TNS Polska na wybranym serwisie spo\u0142eczno\u015bciowym: Facebooku lub Twitterze.\n          <\/div>\n","protected":false},"excerpt":{"rendered":"<p>W po\u0142owie grudnia 1999 roku OBOP przeprowadzi\u0142 kolejny sonda\u017c dotycz\u0105cy nastroj\u00f3w polskiego spo\u0142ecze\u0144stwa: oceny sytuacji w kraju, stanu naszej gospodarki i prognozy warunk\u00f3w \u017cycia ludno\u015bci w ci\u0105gu najbli\u017cszych<\/p>\n","protected":false},"author":1,"featured_media":0,"comment_status":"closed","ping_status":"closed","sticky":false,"template":"","format":"standard","meta":{"ngg_post_thumbnail":0},"categories":[1],"tags":[],"_links":{"self":[{"href":"https:\/\/public.kantarpolska.com\/archiwumraportow\/wp-json\/wp\/v2\/posts\/181"}],"collection":[{"href":"https:\/\/public.kantarpolska.com\/archiwumraportow\/wp-json\/wp\/v2\/posts"}],"about":[{"href":"https:\/\/public.kantarpolska.com\/archiwumraportow\/wp-json\/wp\/v2\/types\/post"}],"author":[{"embeddable":true,"href":"https:\/\/public.kantarpolska.com\/archiwumraportow\/wp-json\/wp\/v2\/users\/1"}],"replies":[{"embeddable":true,"href":"https:\/\/public.kantarpolska.com\/archiwumraportow\/wp-json\/wp\/v2\/comments?post=181"}],"version-history":[{"count":0,"href":"https:\/\/public.kantarpolska.com\/archiwumraportow\/wp-json\/wp\/v2\/posts\/181\/revisions"}],"wp:attachment":[{"href":"https:\/\/public.kantarpolska.com\/archiwumraportow\/wp-json\/wp\/v2\/media?parent=181"}],"wp:term":[{"taxonomy":"category","embeddable":true,"href":"https:\/\/public.kantarpolska.com\/archiwumraportow\/wp-json\/wp\/v2\/categories?post=181"},{"taxonomy":"post_tag","embeddable":true,"href":"https:\/\/public.kantarpolska.com\/archiwumraportow\/wp-json\/wp\/v2\/tags?post=181"}],"curies":[{"name":"wp","href":"https:\/\/api.w.org\/{rel}","templated":true}]}}