
{"id":1742,"date":"2006-09-07T00:00:00","date_gmt":"2006-09-07T00:00:00","guid":{"rendered":"https:\/\/www.tnsglobal.pl\/archiwumraportow\/2006\/09\/07\/preferencje-partyjne-polakow-w-sierpniu-2006-r\/"},"modified":"2006-09-07T00:00:00","modified_gmt":"2006-09-07T00:00:00","slug":"preferencje-partyjne-polakow-w-sierpniu-2006-r","status":"publish","type":"post","link":"https:\/\/public.kantarpolska.com\/archiwumraportow\/2006\/09\/07\/preferencje-partyjne-polakow-w-sierpniu-2006-r\/","title":{"rendered":"Preferencje partyjne Polak\u00f3w w sierpniu 2006 r."},"content":{"rendered":"<p>W pierwszy weekend sierpnia 2006 r. TNS OBOP przeprowadzi\u0142 kolejny pomiar preferencji partyjnych Polak\u00f3w. W sonda\u017cu tym zapytano badanych, czy wzi\u0119liby udzia\u0142 w wyborach do Sejmu,<!--more--> gdyby odbywa\u0142y si\u0119 one w najbli\u017csz\u0105 niedziel\u0119. Osoby, kt\u00f3re odpowiada\u0142y pozytywnie proszone by\u0142y o wskazanie partii, kt\u00f3rej przekaza\u0142yby poparcie. Prezentowane w komunikacie wyniki preferencji odnosz\u0105 si\u0119 do wszystkich zg\u0142aszaj\u0105cych zamiar g\u0142osowania os\u00f3b, niezale\u017cnie od tego czy wiedz\u0105 komu przekaza\u0142yby g\u0142os, czy jeszcze si\u0119 wahaj\u0105.<\/p>\n<div class=\"infopay\">Raport udost\u0119pniany jest bezp\u0142atnie, w us\u0142udze &#8222;udost\u0119pnij aby pobra\u0107&#8221;.<br \/>\n          <b>Na czym to polega?<\/b> Raport b\u0119dzie dost\u0119pny do pobrania w pdf po udost\u0119pnieniu wpisu z linkiem do Archiwum Raport\u00f3w TNS Polska na wybranym serwisie spo\u0142eczno\u015bciowym: Facebooku lub Twitterze.\n          <\/div>\n","protected":false},"excerpt":{"rendered":"<p>W pierwszy weekend sierpnia 2006 r. TNS OBOP przeprowadzi\u0142 kolejny pomiar preferencji partyjnych Polak\u00f3w. W sonda\u017cu tym zapytano badanych, czy wzi\u0119liby udzia\u0142 w wyborach do Sejmu,<\/p>\n","protected":false},"author":1,"featured_media":0,"comment_status":"closed","ping_status":"closed","sticky":false,"template":"","format":"standard","meta":{"ngg_post_thumbnail":0},"categories":[1],"tags":[],"_links":{"self":[{"href":"https:\/\/public.kantarpolska.com\/archiwumraportow\/wp-json\/wp\/v2\/posts\/1742"}],"collection":[{"href":"https:\/\/public.kantarpolska.com\/archiwumraportow\/wp-json\/wp\/v2\/posts"}],"about":[{"href":"https:\/\/public.kantarpolska.com\/archiwumraportow\/wp-json\/wp\/v2\/types\/post"}],"author":[{"embeddable":true,"href":"https:\/\/public.kantarpolska.com\/archiwumraportow\/wp-json\/wp\/v2\/users\/1"}],"replies":[{"embeddable":true,"href":"https:\/\/public.kantarpolska.com\/archiwumraportow\/wp-json\/wp\/v2\/comments?post=1742"}],"version-history":[{"count":0,"href":"https:\/\/public.kantarpolska.com\/archiwumraportow\/wp-json\/wp\/v2\/posts\/1742\/revisions"}],"wp:attachment":[{"href":"https:\/\/public.kantarpolska.com\/archiwumraportow\/wp-json\/wp\/v2\/media?parent=1742"}],"wp:term":[{"taxonomy":"category","embeddable":true,"href":"https:\/\/public.kantarpolska.com\/archiwumraportow\/wp-json\/wp\/v2\/categories?post=1742"},{"taxonomy":"post_tag","embeddable":true,"href":"https:\/\/public.kantarpolska.com\/archiwumraportow\/wp-json\/wp\/v2\/tags?post=1742"}],"curies":[{"name":"wp","href":"https:\/\/api.w.org\/{rel}","templated":true}]}}