
{"id":1653,"date":"2006-07-10T00:00:00","date_gmt":"2006-07-10T00:00:00","guid":{"rendered":"https:\/\/www.tnsglobal.pl\/archiwumraportow\/2006\/07\/10\/polacy-o-uchodzcach-wyniki-badania-zrealizowanego-trzy-tygodnie-po-obchodach-dnia-uchodzcy\/"},"modified":"2006-07-10T00:00:00","modified_gmt":"2006-07-10T00:00:00","slug":"polacy-o-uchodzcach-wyniki-badania-zrealizowanego-trzy-tygodnie-po-obchodach-dnia-uchodzcy","status":"publish","type":"post","link":"https:\/\/public.kantarpolska.com\/archiwumraportow\/2006\/07\/10\/polacy-o-uchodzcach-wyniki-badania-zrealizowanego-trzy-tygodnie-po-obchodach-dnia-uchodzcy\/","title":{"rendered":"Polacy o uchod\u017acach &#8211; wyniki badania zrealizowanego trzy tygodnie po obchodach Dnia Uchod\u017acy"},"content":{"rendered":"<p>20 czerwca br. po raz kolejny obchodzony by\u0142 w Polsce Dzie\u0144 Uchod\u017acy. Trzy tygodnie p\u00f3\u017aniej TNS OBOP zako\u0144czy\u0142 realizacj\u0119 zleconego przez Wysokiego Komisarza ONZ do spraw Uchod\u017ac\u00f3w<!--more--> sonda\u017cu  opinii Polak\u00f3w dotycz\u0105cego postrzegania uchod\u017ac\u00f3w. Respondent\u00f3w zapytano o to, czy s\u0142yszeli o obchodach dnia Uchod\u017acy, kim jest dla nich uchod\u017aca i jak pa\u0144stwo polskie powinno uchod\u017ac\u00f3w traktowa\u0107. Opr\u00f3cz tego badane osoby wypowiedzia\u0142y si\u0119 na temat tego, jakie korzy\u015bci i problemy zwi\u0105zane z przybywaniem uchod\u017ac\u00f3w do kraju dostrzegaj\u0105 i czy zetkn\u0119\u0142y si\u0119 kiedykolwiek z osob\u0105 b\u0119d\u0105c\u0105 uchod\u017ac\u0105. Uzyskane wyniki zestawiono z danymi z bada\u0144 z poprzednich lat, co pozwala \u015bledzi\u0107 dynamik\u0119 zachodz\u0105cych przemian.<\/p>\n<div class=\"infopay\">Raport udost\u0119pniany jest bezp\u0142atnie, w us\u0142udze &#8222;udost\u0119pnij aby pobra\u0107&#8221;.<br \/>\n          <b>Na czym to polega?<\/b> Raport b\u0119dzie dost\u0119pny do pobrania w pdf po udost\u0119pnieniu wpisu z linkiem do Archiwum Raport\u00f3w TNS Polska na wybranym serwisie spo\u0142eczno\u015bciowym: Facebooku lub Twitterze.\n          <\/div>\n","protected":false},"excerpt":{"rendered":"<p>20 czerwca br. po raz kolejny obchodzony by\u0142 w Polsce Dzie\u0144 Uchod\u017acy. Trzy tygodnie p\u00f3\u017aniej TNS OBOP zako\u0144czy\u0142 realizacj\u0119 zleconego przez Wysokiego Komisarza ONZ do spraw Uchod\u017ac\u00f3w<\/p>\n","protected":false},"author":1,"featured_media":0,"comment_status":"closed","ping_status":"closed","sticky":false,"template":"","format":"standard","meta":{"ngg_post_thumbnail":0},"categories":[1],"tags":[],"_links":{"self":[{"href":"https:\/\/public.kantarpolska.com\/archiwumraportow\/wp-json\/wp\/v2\/posts\/1653"}],"collection":[{"href":"https:\/\/public.kantarpolska.com\/archiwumraportow\/wp-json\/wp\/v2\/posts"}],"about":[{"href":"https:\/\/public.kantarpolska.com\/archiwumraportow\/wp-json\/wp\/v2\/types\/post"}],"author":[{"embeddable":true,"href":"https:\/\/public.kantarpolska.com\/archiwumraportow\/wp-json\/wp\/v2\/users\/1"}],"replies":[{"embeddable":true,"href":"https:\/\/public.kantarpolska.com\/archiwumraportow\/wp-json\/wp\/v2\/comments?post=1653"}],"version-history":[{"count":0,"href":"https:\/\/public.kantarpolska.com\/archiwumraportow\/wp-json\/wp\/v2\/posts\/1653\/revisions"}],"wp:attachment":[{"href":"https:\/\/public.kantarpolska.com\/archiwumraportow\/wp-json\/wp\/v2\/media?parent=1653"}],"wp:term":[{"taxonomy":"category","embeddable":true,"href":"https:\/\/public.kantarpolska.com\/archiwumraportow\/wp-json\/wp\/v2\/categories?post=1653"},{"taxonomy":"post_tag","embeddable":true,"href":"https:\/\/public.kantarpolska.com\/archiwumraportow\/wp-json\/wp\/v2\/tags?post=1653"}],"curies":[{"name":"wp","href":"https:\/\/api.w.org\/{rel}","templated":true}]}}