
{"id":1497,"date":"1978-12-31T00:00:00","date_gmt":"1978-12-31T00:00:00","guid":{"rendered":"https:\/\/www.tnsglobal.pl\/archiwumraportow\/1978\/12\/31\/sklad-spoleczno-demograficzny-pierwszego-programu-pr-w-roznych-porach-dnia-dane-dla-dni-powszednich-bez-sobot-okres-jesienno-zimowy-1978\/"},"modified":"1978-12-31T00:00:00","modified_gmt":"1978-12-31T00:00:00","slug":"sklad-spoleczno-demograficzny-pierwszego-programu-pr-w-roznych-porach-dnia-dane-dla-dni-powszednich-bez-sobot-okres-jesienno-zimowy-1978","status":"publish","type":"post","link":"https:\/\/public.kantarpolska.com\/archiwumraportow\/1978\/12\/31\/sklad-spoleczno-demograficzny-pierwszego-programu-pr-w-roznych-porach-dnia-dane-dla-dni-powszednich-bez-sobot-okres-jesienno-zimowy-1978\/","title":{"rendered":"Sk\u0142ad spo\u0142eczno-demograficzny Pierwszego Programu PR w r\u00f3\u017cnych porach dnia (dane dla dni powszednich bez sob\u00f3t &#8211; okres jesienno-zimowy 1978)."},"content":{"rendered":"<div class=\"infopay\">Raport udost\u0119pniany jest bezp\u0142atnie, w us\u0142udze &#8222;udost\u0119pnij aby pobra\u0107&#8221;.<br \/>\n          <b>Na czym to polega?<\/b> Raport b\u0119dzie dost\u0119pny do pobrania w pdf po udost\u0119pnieniu wpisu z linkiem do Archiwum Raport\u00f3w TNS Polska na wybranym serwisie spo\u0142eczno\u015bciowym: Facebooku lub Twitterze.\n          <\/div>\n<p>        <!--more--><\/p>\n","protected":false},"excerpt":{"rendered":"<p>Raport udost\u0119pniany jest bezp\u0142atnie, w us\u0142udze &#8222;udost\u0119pnij aby pobra\u0107&#8221;. Na czym to polega? Raport b\u0119dzie dost\u0119pny do pobrania w pdf po udost\u0119pnieniu wpisu z linkiem do Archiwum Raport\u00f3w TNS Polska na wybranym serwisie spo\u0142eczno\u015bciowym: Facebooku lub Twitterze.<\/p>\n","protected":false},"author":1,"featured_media":0,"comment_status":"closed","ping_status":"closed","sticky":false,"template":"","format":"standard","meta":{"ngg_post_thumbnail":0},"categories":[1],"tags":[],"_links":{"self":[{"href":"https:\/\/public.kantarpolska.com\/archiwumraportow\/wp-json\/wp\/v2\/posts\/1497"}],"collection":[{"href":"https:\/\/public.kantarpolska.com\/archiwumraportow\/wp-json\/wp\/v2\/posts"}],"about":[{"href":"https:\/\/public.kantarpolska.com\/archiwumraportow\/wp-json\/wp\/v2\/types\/post"}],"author":[{"embeddable":true,"href":"https:\/\/public.kantarpolska.com\/archiwumraportow\/wp-json\/wp\/v2\/users\/1"}],"replies":[{"embeddable":true,"href":"https:\/\/public.kantarpolska.com\/archiwumraportow\/wp-json\/wp\/v2\/comments?post=1497"}],"version-history":[{"count":0,"href":"https:\/\/public.kantarpolska.com\/archiwumraportow\/wp-json\/wp\/v2\/posts\/1497\/revisions"}],"wp:attachment":[{"href":"https:\/\/public.kantarpolska.com\/archiwumraportow\/wp-json\/wp\/v2\/media?parent=1497"}],"wp:term":[{"taxonomy":"category","embeddable":true,"href":"https:\/\/public.kantarpolska.com\/archiwumraportow\/wp-json\/wp\/v2\/categories?post=1497"},{"taxonomy":"post_tag","embeddable":true,"href":"https:\/\/public.kantarpolska.com\/archiwumraportow\/wp-json\/wp\/v2\/tags?post=1497"}],"curies":[{"name":"wp","href":"https:\/\/api.w.org\/{rel}","templated":true}]}}