
{"id":1478,"date":"2006-07-10T00:00:00","date_gmt":"2006-07-10T00:00:00","guid":{"rendered":"https:\/\/www.tnsglobal.pl\/archiwumraportow\/2006\/07\/10\/mrozy-upaly-ulewy-co-sadzimy-o-tegorocznej-aurze\/"},"modified":"2006-07-10T00:00:00","modified_gmt":"2006-07-10T00:00:00","slug":"mrozy-upaly-ulewy-co-sadzimy-o-tegorocznej-aurze","status":"publish","type":"post","link":"https:\/\/public.kantarpolska.com\/archiwumraportow\/2006\/07\/10\/mrozy-upaly-ulewy-co-sadzimy-o-tegorocznej-aurze\/","title":{"rendered":"Mrozy, upa\u0142y, ulewy&#8230; Co s\u0105dzimy o tegorocznej aurze?"},"content":{"rendered":"<p>Aby sprawdzi\u0107 opinie Polak\u00f3w na temat zmian klimatu i przyczyn warunkuj\u0105cych te zmiany, TNS OBOP przeprowadzi\u0142 w lipcu badanie sonda\u017cowe. W badaniu tym zapytali\u015bmy Polak\u00f3w, czy &#8211;<!--more--> w por\u00f3wnaniu z sytuacj\u0105 sprzed lat &#8211; zimy s\u0105 obecnie bardziej \u0142agodne, czy bardziej srogie, lata bardziej upalne, czy ch\u0142odniejsze, a opady deszcz\u00f3w &#8211; wi\u0119ksze, czy mniejsze. W sonda\u017cu zapytali\u015bmy tak\u017ce, czy do obserwowanych zmian klimatu przy\u0142o\u017cyli si\u0119 tak\u017ce ludzie, czy mo\u017ce zmiany te s\u0105 od ludzi niezale\u017cne. Uzyskane wyniki prezentujemy w niniejszym opracowaniu, kt\u00f3rego realizacja przypada\u0142a w okresie upalnych dni lipca 2006 r.<\/p>\n<div class=\"infopay\">Raport udost\u0119pniany jest bezp\u0142atnie, w us\u0142udze &#8222;udost\u0119pnij aby pobra\u0107&#8221;.<br \/>\n          <b>Na czym to polega?<\/b> Raport b\u0119dzie dost\u0119pny do pobrania w pdf po udost\u0119pnieniu wpisu z linkiem do Archiwum Raport\u00f3w TNS Polska na wybranym serwisie spo\u0142eczno\u015bciowym: Facebooku lub Twitterze.\n          <\/div>\n","protected":false},"excerpt":{"rendered":"<p>Aby sprawdzi\u0107 opinie Polak\u00f3w na temat zmian klimatu i przyczyn warunkuj\u0105cych te zmiany, TNS OBOP przeprowadzi\u0142 w lipcu badanie sonda\u017cowe. W badaniu tym zapytali\u015bmy Polak\u00f3w, czy &#8211;<\/p>\n","protected":false},"author":1,"featured_media":0,"comment_status":"closed","ping_status":"closed","sticky":false,"template":"","format":"standard","meta":{"ngg_post_thumbnail":0},"categories":[1],"tags":[],"_links":{"self":[{"href":"https:\/\/public.kantarpolska.com\/archiwumraportow\/wp-json\/wp\/v2\/posts\/1478"}],"collection":[{"href":"https:\/\/public.kantarpolska.com\/archiwumraportow\/wp-json\/wp\/v2\/posts"}],"about":[{"href":"https:\/\/public.kantarpolska.com\/archiwumraportow\/wp-json\/wp\/v2\/types\/post"}],"author":[{"embeddable":true,"href":"https:\/\/public.kantarpolska.com\/archiwumraportow\/wp-json\/wp\/v2\/users\/1"}],"replies":[{"embeddable":true,"href":"https:\/\/public.kantarpolska.com\/archiwumraportow\/wp-json\/wp\/v2\/comments?post=1478"}],"version-history":[{"count":1,"href":"https:\/\/public.kantarpolska.com\/archiwumraportow\/wp-json\/wp\/v2\/posts\/1478\/revisions"}],"predecessor-version":[{"id":5729,"href":"https:\/\/public.kantarpolska.com\/archiwumraportow\/wp-json\/wp\/v2\/posts\/1478\/revisions\/5729"}],"wp:attachment":[{"href":"https:\/\/public.kantarpolska.com\/archiwumraportow\/wp-json\/wp\/v2\/media?parent=1478"}],"wp:term":[{"taxonomy":"category","embeddable":true,"href":"https:\/\/public.kantarpolska.com\/archiwumraportow\/wp-json\/wp\/v2\/categories?post=1478"},{"taxonomy":"post_tag","embeddable":true,"href":"https:\/\/public.kantarpolska.com\/archiwumraportow\/wp-json\/wp\/v2\/tags?post=1478"}],"curies":[{"name":"wp","href":"https:\/\/api.w.org\/{rel}","templated":true}]}}