
{"id":1431,"date":"2004-01-12T00:00:00","date_gmt":"2004-01-12T00:00:00","guid":{"rendered":"https:\/\/www.tnsglobal.pl\/archiwumraportow\/2004\/01\/12\/u-progu-unii-europejskiej\/"},"modified":"2004-01-12T00:00:00","modified_gmt":"2004-01-12T00:00:00","slug":"u-progu-unii-europejskiej","status":"publish","type":"post","link":"https:\/\/public.kantarpolska.com\/archiwumraportow\/2004\/01\/12\/u-progu-unii-europejskiej\/","title":{"rendered":"U progu Unii Europejskiej"},"content":{"rendered":"<p>Za kilka miesi\u0119cy Polska zostanie cz\u0142onkiem Unii Europejskiej i na jej terenie odb\u0119d\u0105 si\u0119 pierwsze wybory do Parlamentu Europejskiego. B\u0119d\u0105 to wydarzenia historyczne. Po wej\u015bciu do UE przed<!--more--> Polsk\u0105 stanie perspektywa wej\u015bcia do strefy wsp\u00f3lnej waluty euro. W styczniu 2004 r. TNS OBOP zada\u0142 Polakom najprostsze pytania o te sprawy: czy wiedz\u0105, kiedy Polska wejdzie do UE, kiedy odb\u0119d\u0105 si\u0119 wybory do Parlamentu Europejskiego i czy mieli w r\u0119ku europejski pieni\u0105dz. Raport przedstawia ich odpowiedzi.<\/p>\n<div class=\"infopay\">Raport udost\u0119pniany jest bezp\u0142atnie, w us\u0142udze &#8222;udost\u0119pnij aby pobra\u0107&#8221;.<br \/>\n          <b>Na czym to polega?<\/b> Raport b\u0119dzie dost\u0119pny do pobrania w pdf po udost\u0119pnieniu wpisu z linkiem do Archiwum Raport\u00f3w TNS Polska na wybranym serwisie spo\u0142eczno\u015bciowym: Facebooku lub Twitterze.\n          <\/div>\n","protected":false},"excerpt":{"rendered":"<p>Za kilka miesi\u0119cy Polska zostanie cz\u0142onkiem Unii Europejskiej i na jej terenie odb\u0119d\u0105 si\u0119 pierwsze wybory do Parlamentu Europejskiego. B\u0119d\u0105 to wydarzenia historyczne. Po wej\u015bciu do UE przed<\/p>\n","protected":false},"author":1,"featured_media":0,"comment_status":"closed","ping_status":"closed","sticky":false,"template":"","format":"standard","meta":{"ngg_post_thumbnail":0},"categories":[1],"tags":[],"_links":{"self":[{"href":"https:\/\/public.kantarpolska.com\/archiwumraportow\/wp-json\/wp\/v2\/posts\/1431"}],"collection":[{"href":"https:\/\/public.kantarpolska.com\/archiwumraportow\/wp-json\/wp\/v2\/posts"}],"about":[{"href":"https:\/\/public.kantarpolska.com\/archiwumraportow\/wp-json\/wp\/v2\/types\/post"}],"author":[{"embeddable":true,"href":"https:\/\/public.kantarpolska.com\/archiwumraportow\/wp-json\/wp\/v2\/users\/1"}],"replies":[{"embeddable":true,"href":"https:\/\/public.kantarpolska.com\/archiwumraportow\/wp-json\/wp\/v2\/comments?post=1431"}],"version-history":[{"count":0,"href":"https:\/\/public.kantarpolska.com\/archiwumraportow\/wp-json\/wp\/v2\/posts\/1431\/revisions"}],"wp:attachment":[{"href":"https:\/\/public.kantarpolska.com\/archiwumraportow\/wp-json\/wp\/v2\/media?parent=1431"}],"wp:term":[{"taxonomy":"category","embeddable":true,"href":"https:\/\/public.kantarpolska.com\/archiwumraportow\/wp-json\/wp\/v2\/categories?post=1431"},{"taxonomy":"post_tag","embeddable":true,"href":"https:\/\/public.kantarpolska.com\/archiwumraportow\/wp-json\/wp\/v2\/tags?post=1431"}],"curies":[{"name":"wp","href":"https:\/\/api.w.org\/{rel}","templated":true}]}}