
{"id":1430,"date":"2004-01-12T00:00:00","date_gmt":"2004-01-12T00:00:00","guid":{"rendered":"https:\/\/www.tnsglobal.pl\/archiwumraportow\/2004\/01\/12\/mowienie-o-zapomnianym\/"},"modified":"2004-01-12T00:00:00","modified_gmt":"2004-01-12T00:00:00","slug":"mowienie-o-zapomnianym","status":"publish","type":"post","link":"https:\/\/public.kantarpolska.com\/archiwumraportow\/2004\/01\/12\/mowienie-o-zapomnianym\/","title":{"rendered":"M\u00f3wienie o zapomnianym"},"content":{"rendered":"<p>Scena publiczna III Rzeczypospolitej by\u0142a miejscem kilku wielkich debat: o dekomunizacji, o reprywatyzacji, o cierpieniach zadanych w czasie II wojny \u015bwiatowej Polakom (napa\u015b\u0107 i okupacja niemiecka, Katy\u0144,<!--more--> Wo\u0142y\u0144) i o cierpieniach zadanych innym przez Polak\u00f3w (Jedwabne, wysiedlenia Niemc\u00f3w). Trudno s\u0105dzi\u0107, \u017ce debaty te nigdy nie wr\u00f3c\u0105, skoro albo nie zako\u0144czy\u0142y si\u0119 one za\u0142atwieniem dyskutowanych spraw albo nie zako\u0144czy\u0142y si\u0119 osi\u0105gni\u0119ciem powszechnej zgody. W sonda\u017cu TNS OBOP ze stycznia 2004 roku zapytano Polak\u00f3w, co s\u0105dz\u0105 o tych niezamkni\u0119tych sprawach. Raport prezentuje i analizuje uzyskane odpowiedzi.<\/p>\n<div class=\"infopay\">Raport udost\u0119pniany jest bezp\u0142atnie, w us\u0142udze &#8222;udost\u0119pnij aby pobra\u0107&#8221;.<br \/>\n          <b>Na czym to polega?<\/b> Raport b\u0119dzie dost\u0119pny do pobrania w pdf po udost\u0119pnieniu wpisu z linkiem do Archiwum Raport\u00f3w TNS Polska na wybranym serwisie spo\u0142eczno\u015bciowym: Facebooku lub Twitterze.\n          <\/div>\n","protected":false},"excerpt":{"rendered":"<p>Scena publiczna III Rzeczypospolitej by\u0142a miejscem kilku wielkich debat: o dekomunizacji, o reprywatyzacji, o cierpieniach zadanych w czasie II wojny \u015bwiatowej Polakom (napa\u015b\u0107 i okupacja niemiecka, Katy\u0144,<\/p>\n","protected":false},"author":1,"featured_media":0,"comment_status":"closed","ping_status":"closed","sticky":false,"template":"","format":"standard","meta":{"ngg_post_thumbnail":0},"categories":[1],"tags":[],"_links":{"self":[{"href":"https:\/\/public.kantarpolska.com\/archiwumraportow\/wp-json\/wp\/v2\/posts\/1430"}],"collection":[{"href":"https:\/\/public.kantarpolska.com\/archiwumraportow\/wp-json\/wp\/v2\/posts"}],"about":[{"href":"https:\/\/public.kantarpolska.com\/archiwumraportow\/wp-json\/wp\/v2\/types\/post"}],"author":[{"embeddable":true,"href":"https:\/\/public.kantarpolska.com\/archiwumraportow\/wp-json\/wp\/v2\/users\/1"}],"replies":[{"embeddable":true,"href":"https:\/\/public.kantarpolska.com\/archiwumraportow\/wp-json\/wp\/v2\/comments?post=1430"}],"version-history":[{"count":0,"href":"https:\/\/public.kantarpolska.com\/archiwumraportow\/wp-json\/wp\/v2\/posts\/1430\/revisions"}],"wp:attachment":[{"href":"https:\/\/public.kantarpolska.com\/archiwumraportow\/wp-json\/wp\/v2\/media?parent=1430"}],"wp:term":[{"taxonomy":"category","embeddable":true,"href":"https:\/\/public.kantarpolska.com\/archiwumraportow\/wp-json\/wp\/v2\/categories?post=1430"},{"taxonomy":"post_tag","embeddable":true,"href":"https:\/\/public.kantarpolska.com\/archiwumraportow\/wp-json\/wp\/v2\/tags?post=1430"}],"curies":[{"name":"wp","href":"https:\/\/api.w.org\/{rel}","templated":true}]}}