
{"id":1422,"date":"2003-12-06T00:00:00","date_gmt":"2003-12-06T00:00:00","guid":{"rendered":"https:\/\/www.tnsglobal.pl\/archiwumraportow\/2003\/12\/06\/oceny-roku-2003-i-oczekiwania-wiazane-z-rokiem-2004\/"},"modified":"2003-12-06T00:00:00","modified_gmt":"2003-12-06T00:00:00","slug":"oceny-roku-2003-i-oczekiwania-wiazane-z-rokiem-2004","status":"publish","type":"post","link":"https:\/\/public.kantarpolska.com\/archiwumraportow\/2003\/12\/06\/oceny-roku-2003-i-oczekiwania-wiazane-z-rokiem-2004\/","title":{"rendered":"Oceny roku 2003 i oczekiwania wi\u0105zane z rokiem 2004"},"content":{"rendered":"<p>Z rozpocz\u0119ciem nowego 2004 roku pr\u00f3bujmy dokona\u0107 podsumowania minionych 12 miesi\u0119cy. Jakie by\u0142y one dla nas osobi\u015bcie, jakie by\u0142y dla kraju, a jakie dla \u015bwiata? Co dobrego,<!--more--> a co z\u0142ego wydarzy\u0142o si\u0119 w Polsce &#8211; wedle pami\u0119ci Polak\u00f3w &#8211; w 2003 r.? Czy rok ten by\u0142 w por\u00f3wnaniu z innymi lepszy, czy mo\u017ce wyr\u00f3\u017cnia\u0142 si\u0119 szczeg\u00f3lnie na tle poprzednich? Na te pytania postaramy si\u0119 odpowiedzie\u0107 w pierwszej cz\u0119\u015bci niniejszego opracowania. W drugiej za\u015b poka\u017cemy, czego spodziewaj\u0105 si\u0119 Polacy po nowym 2004 r. &#8211; jaki b\u0119dzie w por\u00f3wnaniu z minionym &#8211; lepszy, czy gorszy? A mo\u017ce wcale nie oczekujemy zmian? O oceny starego roku i oczekiwania pok\u0142adane w nowym, pytali\u015bmy Polak\u00f3w w ostatnim miesi\u0105cu 2003 r.<\/p>\n<div class=\"infopay\">Raport udost\u0119pniany jest bezp\u0142atnie, w us\u0142udze &#8222;udost\u0119pnij aby pobra\u0107&#8221;.<br \/>\n          <b>Na czym to polega?<\/b> Raport b\u0119dzie dost\u0119pny do pobrania w pdf po udost\u0119pnieniu wpisu z linkiem do Archiwum Raport\u00f3w TNS Polska na wybranym serwisie spo\u0142eczno\u015bciowym: Facebooku lub Twitterze.\n          <\/div>\n","protected":false},"excerpt":{"rendered":"<p>Z rozpocz\u0119ciem nowego 2004 roku pr\u00f3bujmy dokona\u0107 podsumowania minionych 12 miesi\u0119cy. Jakie by\u0142y one dla nas osobi\u015bcie, jakie by\u0142y dla kraju, a jakie dla \u015bwiata? Co dobrego,<\/p>\n","protected":false},"author":1,"featured_media":0,"comment_status":"closed","ping_status":"closed","sticky":false,"template":"","format":"standard","meta":{"ngg_post_thumbnail":0},"categories":[1],"tags":[],"_links":{"self":[{"href":"https:\/\/public.kantarpolska.com\/archiwumraportow\/wp-json\/wp\/v2\/posts\/1422"}],"collection":[{"href":"https:\/\/public.kantarpolska.com\/archiwumraportow\/wp-json\/wp\/v2\/posts"}],"about":[{"href":"https:\/\/public.kantarpolska.com\/archiwumraportow\/wp-json\/wp\/v2\/types\/post"}],"author":[{"embeddable":true,"href":"https:\/\/public.kantarpolska.com\/archiwumraportow\/wp-json\/wp\/v2\/users\/1"}],"replies":[{"embeddable":true,"href":"https:\/\/public.kantarpolska.com\/archiwumraportow\/wp-json\/wp\/v2\/comments?post=1422"}],"version-history":[{"count":0,"href":"https:\/\/public.kantarpolska.com\/archiwumraportow\/wp-json\/wp\/v2\/posts\/1422\/revisions"}],"wp:attachment":[{"href":"https:\/\/public.kantarpolska.com\/archiwumraportow\/wp-json\/wp\/v2\/media?parent=1422"}],"wp:term":[{"taxonomy":"category","embeddable":true,"href":"https:\/\/public.kantarpolska.com\/archiwumraportow\/wp-json\/wp\/v2\/categories?post=1422"},{"taxonomy":"post_tag","embeddable":true,"href":"https:\/\/public.kantarpolska.com\/archiwumraportow\/wp-json\/wp\/v2\/tags?post=1422"}],"curies":[{"name":"wp","href":"https:\/\/api.w.org\/{rel}","templated":true}]}}