
{"id":1421,"date":"2003-12-08T00:00:00","date_gmt":"2003-12-08T00:00:00","guid":{"rendered":"https:\/\/www.tnsglobal.pl\/archiwumraportow\/2003\/12\/08\/swieta-bozego-narodzenia-i-sylwester-2003-r\/"},"modified":"2003-12-08T00:00:00","modified_gmt":"2003-12-08T00:00:00","slug":"swieta-bozego-narodzenia-i-sylwester-2003-r","status":"publish","type":"post","link":"https:\/\/public.kantarpolska.com\/archiwumraportow\/2003\/12\/08\/swieta-bozego-narodzenia-i-sylwester-2003-r\/","title":{"rendered":"\u015awi\u0119ta Bo\u017cego Narodzenia i Sylwester 2003 r."},"content":{"rendered":"<p>Ju\u017c jutro zasi\u0105dziemy przy wigilijnym stole, podzielimy si\u0119 z najbli\u017cszymi op\u0142atkiem, z\u0142o\u017cymy \u017cyczenia, podczas wieczerzy spo\u017cywa\u0107 b\u0119dziemy tradycyjne potrawy wigilijne, a towarzyszy\u0107 temu b\u0119d\u0105 choinka, prezenty i wsp\u00f3lne<!--more--> kol\u0119dowanie. Dzi\u015b jednak, gdy przed\u015bwi\u0105teczne przygotowania nabra\u0142y najwi\u0119kszego tempa, zatrzymajmy si\u0119 na chwil\u0119 i spr\u00f3bujmy zastanowi\u0107, jaka naprawd\u0119 b\u0119dzie nasza, polska Wigilia roku 2003. Czy w czasach, gdy tyle zmienia si\u0119 wok\u00f3\u0142 nas, wci\u0105\u017c jeste\u015bmy tak samo wierni tradycji? Czy te\u017c mo\u017ce &#8211; id\u0105c na przyk\u0142ad za wydan\u0105 niedawno przez Episkopat w li\u015bcie pasterskim interpretacj\u0105 przykaza\u0144 &#8211; mi\u0119sne frykasy zaczn\u0105 wypiera\u0107 z wigilijnych sto\u0142\u00f3w tradycyjne potrawy przygotowywane na bazie ryb, grzyb\u00f3w, kapusty, maku i miodu? Czy rzeczywi\u015bcie wci\u0105\u017c \u015awi\u0119ta Bo\u017cego Narodzenia, to dla Polak\u00f3w okres niezwyk\u0142y, kiedy wydawa\u0107 by si\u0119 mog\u0142o (gdyby nie coraz nowocze\u015bniejsze gad\u017cety pod choink\u0105), \u017ce czas stan\u0105\u0142 w miejscu, bo tak jak przed laty towarzyszy\u0107 nam b\u0119d\u0105 te same zwyczaje&#8230;?rnW pierwszy weekend grudnia (w tym czasie obchodzili\u015bmy Miko\u0142ajki) zapytali\u015bmy Polak\u00f3w o \u015bwi\u0105teczne plany i zwyczaje, a przy okazji tak\u017ce i o to, jak zamierzaj\u0105 sp\u0119dzi\u0107 tegorocznego Sylwestra.<\/p>\n<div class=\"infopay\">Raport udost\u0119pniany jest bezp\u0142atnie, w us\u0142udze &#8222;udost\u0119pnij aby pobra\u0107&#8221;.<br \/>\n          <b>Na czym to polega?<\/b> Raport b\u0119dzie dost\u0119pny do pobrania w pdf po udost\u0119pnieniu wpisu z linkiem do Archiwum Raport\u00f3w TNS Polska na wybranym serwisie spo\u0142eczno\u015bciowym: Facebooku lub Twitterze.\n          <\/div>\n","protected":false},"excerpt":{"rendered":"<p>Ju\u017c jutro zasi\u0105dziemy przy wigilijnym stole, podzielimy si\u0119 z najbli\u017cszymi op\u0142atkiem, z\u0142o\u017cymy \u017cyczenia, podczas wieczerzy spo\u017cywa\u0107 b\u0119dziemy tradycyjne potrawy wigilijne, a towarzyszy\u0107 temu b\u0119d\u0105 choinka, prezenty i wsp\u00f3lne<\/p>\n","protected":false},"author":1,"featured_media":0,"comment_status":"closed","ping_status":"closed","sticky":false,"template":"","format":"standard","meta":{"ngg_post_thumbnail":0},"categories":[1],"tags":[],"_links":{"self":[{"href":"https:\/\/public.kantarpolska.com\/archiwumraportow\/wp-json\/wp\/v2\/posts\/1421"}],"collection":[{"href":"https:\/\/public.kantarpolska.com\/archiwumraportow\/wp-json\/wp\/v2\/posts"}],"about":[{"href":"https:\/\/public.kantarpolska.com\/archiwumraportow\/wp-json\/wp\/v2\/types\/post"}],"author":[{"embeddable":true,"href":"https:\/\/public.kantarpolska.com\/archiwumraportow\/wp-json\/wp\/v2\/users\/1"}],"replies":[{"embeddable":true,"href":"https:\/\/public.kantarpolska.com\/archiwumraportow\/wp-json\/wp\/v2\/comments?post=1421"}],"version-history":[{"count":0,"href":"https:\/\/public.kantarpolska.com\/archiwumraportow\/wp-json\/wp\/v2\/posts\/1421\/revisions"}],"wp:attachment":[{"href":"https:\/\/public.kantarpolska.com\/archiwumraportow\/wp-json\/wp\/v2\/media?parent=1421"}],"wp:term":[{"taxonomy":"category","embeddable":true,"href":"https:\/\/public.kantarpolska.com\/archiwumraportow\/wp-json\/wp\/v2\/categories?post=1421"},{"taxonomy":"post_tag","embeddable":true,"href":"https:\/\/public.kantarpolska.com\/archiwumraportow\/wp-json\/wp\/v2\/tags?post=1421"}],"curies":[{"name":"wp","href":"https:\/\/api.w.org\/{rel}","templated":true}]}}