
{"id":1412,"date":"2003-10-27T00:00:00","date_gmt":"2003-10-27T00:00:00","guid":{"rendered":"https:\/\/www.tnsglobal.pl\/archiwumraportow\/2003\/10\/27\/opinie-polakow-o-kosciele-pod-koniec-a-d-2003\/"},"modified":"2003-10-27T00:00:00","modified_gmt":"2003-10-27T00:00:00","slug":"opinie-polakow-o-kosciele-pod-koniec-a-d-2003","status":"publish","type":"post","link":"https:\/\/public.kantarpolska.com\/archiwumraportow\/2003\/10\/27\/opinie-polakow-o-kosciele-pod-koniec-a-d-2003\/","title":{"rendered":"Opinie Polak\u00f3w o Ko\u015bciele pod koniec a.d. 2003"},"content":{"rendered":"<p>Co Polacy s\u0105dz\u0105 o sacrum, wiemy z bada\u0144 nad ich wiar\u0105. W relacjonowanym tu sonda\u017cu OBOP z 25-27 pa\u017adziernika 2003 r. 98 proc. badanych okre\u015bli\u0142o si\u0119<!--more--> jako wierz\u0105cy, a tylko 2 proc. jako niewierz\u0105cy. Co Polacy s\u0105dz\u0105 o Ko\u015bciele katolickim, tak\u017ce dowiemy si\u0119 z tego badania i z tego komunikatu. Badanie ograniczy\u0142o si\u0119 do stosunku do Ko\u015bcio\u0142a jako instytucji i oceny jego miejsca w \u017cyciu publicznym. Wyniki tego badania mo\u017cna rzuci\u0107 na obraz zmian w latach poprzednich, gdy\u017c OBOP badania na ten temat prowadzi regularnie od lat kilkunastu.<\/p>\n<div class=\"infopay\">Raport udost\u0119pniany jest bezp\u0142atnie, w us\u0142udze &#8222;udost\u0119pnij aby pobra\u0107&#8221;.<br \/>\n          <b>Na czym to polega?<\/b> Raport b\u0119dzie dost\u0119pny do pobrania w pdf po udost\u0119pnieniu wpisu z linkiem do Archiwum Raport\u00f3w TNS Polska na wybranym serwisie spo\u0142eczno\u015bciowym: Facebooku lub Twitterze.\n          <\/div>\n","protected":false},"excerpt":{"rendered":"<p>Co Polacy s\u0105dz\u0105 o sacrum, wiemy z bada\u0144 nad ich wiar\u0105. W relacjonowanym tu sonda\u017cu OBOP z 25-27 pa\u017adziernika 2003 r. 98 proc. badanych okre\u015bli\u0142o si\u0119<\/p>\n","protected":false},"author":1,"featured_media":0,"comment_status":"closed","ping_status":"closed","sticky":false,"template":"","format":"standard","meta":{"ngg_post_thumbnail":0},"categories":[1],"tags":[],"_links":{"self":[{"href":"https:\/\/public.kantarpolska.com\/archiwumraportow\/wp-json\/wp\/v2\/posts\/1412"}],"collection":[{"href":"https:\/\/public.kantarpolska.com\/archiwumraportow\/wp-json\/wp\/v2\/posts"}],"about":[{"href":"https:\/\/public.kantarpolska.com\/archiwumraportow\/wp-json\/wp\/v2\/types\/post"}],"author":[{"embeddable":true,"href":"https:\/\/public.kantarpolska.com\/archiwumraportow\/wp-json\/wp\/v2\/users\/1"}],"replies":[{"embeddable":true,"href":"https:\/\/public.kantarpolska.com\/archiwumraportow\/wp-json\/wp\/v2\/comments?post=1412"}],"version-history":[{"count":0,"href":"https:\/\/public.kantarpolska.com\/archiwumraportow\/wp-json\/wp\/v2\/posts\/1412\/revisions"}],"wp:attachment":[{"href":"https:\/\/public.kantarpolska.com\/archiwumraportow\/wp-json\/wp\/v2\/media?parent=1412"}],"wp:term":[{"taxonomy":"category","embeddable":true,"href":"https:\/\/public.kantarpolska.com\/archiwumraportow\/wp-json\/wp\/v2\/categories?post=1412"},{"taxonomy":"post_tag","embeddable":true,"href":"https:\/\/public.kantarpolska.com\/archiwumraportow\/wp-json\/wp\/v2\/tags?post=1412"}],"curies":[{"name":"wp","href":"https:\/\/api.w.org\/{rel}","templated":true}]}}