
{"id":1396,"date":"2003-10-27T00:00:00","date_gmt":"2003-10-27T00:00:00","guid":{"rendered":"https:\/\/www.tnsglobal.pl\/archiwumraportow\/2003\/10\/27\/o-zmianach-politycznych-w-polsce\/"},"modified":"2003-10-27T00:00:00","modified_gmt":"2003-10-27T00:00:00","slug":"o-zmianach-politycznych-w-polsce","status":"publish","type":"post","link":"https:\/\/public.kantarpolska.com\/archiwumraportow\/2003\/10\/27\/o-zmianach-politycznych-w-polsce\/","title":{"rendered":"O zmianach politycznych w Polsce"},"content":{"rendered":"<p>Gdy w czerwcu 2003 r. odbywa\u0142o si\u0119 referendum w sprawie przyst\u0105pienia Polski do Unii Europejskiej, na kampani\u0119 referendaln\u0105 na\u0142o\u017cy\u0142a si\u0119 debata o potrzebie zmian politycznych w samej Polsce.<!--more--> Jedni postulowali tylko zmian\u0119 premiera. Inni szli dalej, postulowali zmian\u0119 rz\u0105du i utworzenie rz\u0105du przez koalicj\u0119, kt\u00f3ra b\u0119dzie mie\u0107 zdecydowan\u0105 wi\u0119kszo\u015b\u0107 w Sejmie. Jeszcze dalej szli ci, kt\u00f3rzy proponowali zmian\u0119 Sejmu, czyli nowe wybory. Najbardziej radykalni krytycy domagali si\u0119 wymiany ca\u0142ej warstwy polityk\u00f3w. Zrealizowany wtedy (7-9.06.2003) sonda\u017c TNS OBOP pokaza\u0142, jak masowa opinia publiczna reaguje na takie has\u0142a. Badanie to zosta\u0142o powt\u00f3rzone w ko\u0144cu pa\u017adziernika w okresie wyciszenia dyskusji o potrzebie zmian politycznych w Polsce. W mediach praktycznie nie s\u0142yszy si\u0119 ju\u017c g\u0142os\u00f3w o potrzebie stworzenia nowej koalicji, nie m\u00f3wi\u0105c ju\u017c o nowych wyborach. Ucich\u0142y dyskusje o IV Rzeczypospolitej, budowanej przez now\u0105 warstw\u0119 polityk\u00f3w. S\u0142yszy si\u0119 tylko bardzo krytyczne oceny premiera Millera, ale raczej nie towarzysz\u0105 im postulaty zast\u0105pienia go innym politykiem SLD. Sonda\u017c pokazuje, jakie przesuni\u0119cia nast\u0105pi\u0142y w tym czasie w masowej opinii publicznej.<\/p>\n<div class=\"infopay\">Raport udost\u0119pniany jest bezp\u0142atnie, w us\u0142udze &#8222;udost\u0119pnij aby pobra\u0107&#8221;.<br \/>\n          <b>Na czym to polega?<\/b> Raport b\u0119dzie dost\u0119pny do pobrania w pdf po udost\u0119pnieniu wpisu z linkiem do Archiwum Raport\u00f3w TNS Polska na wybranym serwisie spo\u0142eczno\u015bciowym: Facebooku lub Twitterze.\n          <\/div>\n","protected":false},"excerpt":{"rendered":"<p>Gdy w czerwcu 2003 r. odbywa\u0142o si\u0119 referendum w sprawie przyst\u0105pienia Polski do Unii Europejskiej, na kampani\u0119 referendaln\u0105 na\u0142o\u017cy\u0142a si\u0119 debata o potrzebie zmian politycznych w samej Polsce.<\/p>\n","protected":false},"author":1,"featured_media":0,"comment_status":"closed","ping_status":"closed","sticky":false,"template":"","format":"standard","meta":{"ngg_post_thumbnail":0},"categories":[1],"tags":[],"_links":{"self":[{"href":"https:\/\/public.kantarpolska.com\/archiwumraportow\/wp-json\/wp\/v2\/posts\/1396"}],"collection":[{"href":"https:\/\/public.kantarpolska.com\/archiwumraportow\/wp-json\/wp\/v2\/posts"}],"about":[{"href":"https:\/\/public.kantarpolska.com\/archiwumraportow\/wp-json\/wp\/v2\/types\/post"}],"author":[{"embeddable":true,"href":"https:\/\/public.kantarpolska.com\/archiwumraportow\/wp-json\/wp\/v2\/users\/1"}],"replies":[{"embeddable":true,"href":"https:\/\/public.kantarpolska.com\/archiwumraportow\/wp-json\/wp\/v2\/comments?post=1396"}],"version-history":[{"count":0,"href":"https:\/\/public.kantarpolska.com\/archiwumraportow\/wp-json\/wp\/v2\/posts\/1396\/revisions"}],"wp:attachment":[{"href":"https:\/\/public.kantarpolska.com\/archiwumraportow\/wp-json\/wp\/v2\/media?parent=1396"}],"wp:term":[{"taxonomy":"category","embeddable":true,"href":"https:\/\/public.kantarpolska.com\/archiwumraportow\/wp-json\/wp\/v2\/categories?post=1396"},{"taxonomy":"post_tag","embeddable":true,"href":"https:\/\/public.kantarpolska.com\/archiwumraportow\/wp-json\/wp\/v2\/tags?post=1396"}],"curies":[{"name":"wp","href":"https:\/\/api.w.org\/{rel}","templated":true}]}}