
{"id":1394,"date":"2003-10-05T00:00:00","date_gmt":"2003-10-05T00:00:00","guid":{"rendered":"https:\/\/www.tnsglobal.pl\/archiwumraportow\/2003\/10\/05\/nastroje-spoleczne-polakow-na-poczatku-pazdziernika-2003-r\/"},"modified":"2003-10-05T00:00:00","modified_gmt":"2003-10-05T00:00:00","slug":"nastroje-spoleczne-polakow-na-poczatku-pazdziernika-2003-r","status":"publish","type":"post","link":"https:\/\/public.kantarpolska.com\/archiwumraportow\/2003\/10\/05\/nastroje-spoleczne-polakow-na-poczatku-pazdziernika-2003-r\/","title":{"rendered":"Nastroje spo\u0142eczne Polak\u00f3w na pocz\u0105tku pa\u017adziernika 2003 r."},"content":{"rendered":"<p>W pierwszym tygodniu pa\u017adziernika TNS OBOP zrealizowa\u0142 sonda\u017c, w kt\u00f3rym dokonano pomiaru nastroj\u00f3w spo\u0142ecznych Polak\u00f3w. Badani wypowiedzieli si\u0119 na temat kierunku zmian w kraju, ocenili stan polskiej gospodarki<!--more--> oraz przedstawili prognozy dotycz\u0105ce kierunk\u00f3w rozwoju materialnych warunk\u00f3w \u017cycia w najbli\u017cszej przysz\u0142o\u015bci.<\/p>\n<div class=\"infopay\">Raport udost\u0119pniany jest bezp\u0142atnie, w us\u0142udze &#8222;udost\u0119pnij aby pobra\u0107&#8221;.<br \/>\n          <b>Na czym to polega?<\/b> Raport b\u0119dzie dost\u0119pny do pobrania w pdf po udost\u0119pnieniu wpisu z linkiem do Archiwum Raport\u00f3w TNS Polska na wybranym serwisie spo\u0142eczno\u015bciowym: Facebooku lub Twitterze.\n          <\/div>\n","protected":false},"excerpt":{"rendered":"<p>W pierwszym tygodniu pa\u017adziernika TNS OBOP zrealizowa\u0142 sonda\u017c, w kt\u00f3rym dokonano pomiaru nastroj\u00f3w spo\u0142ecznych Polak\u00f3w. Badani wypowiedzieli si\u0119 na temat kierunku zmian w kraju, ocenili stan polskiej gospodarki<\/p>\n","protected":false},"author":1,"featured_media":0,"comment_status":"closed","ping_status":"closed","sticky":false,"template":"","format":"standard","meta":{"ngg_post_thumbnail":0},"categories":[1],"tags":[],"_links":{"self":[{"href":"https:\/\/public.kantarpolska.com\/archiwumraportow\/wp-json\/wp\/v2\/posts\/1394"}],"collection":[{"href":"https:\/\/public.kantarpolska.com\/archiwumraportow\/wp-json\/wp\/v2\/posts"}],"about":[{"href":"https:\/\/public.kantarpolska.com\/archiwumraportow\/wp-json\/wp\/v2\/types\/post"}],"author":[{"embeddable":true,"href":"https:\/\/public.kantarpolska.com\/archiwumraportow\/wp-json\/wp\/v2\/users\/1"}],"replies":[{"embeddable":true,"href":"https:\/\/public.kantarpolska.com\/archiwumraportow\/wp-json\/wp\/v2\/comments?post=1394"}],"version-history":[{"count":0,"href":"https:\/\/public.kantarpolska.com\/archiwumraportow\/wp-json\/wp\/v2\/posts\/1394\/revisions"}],"wp:attachment":[{"href":"https:\/\/public.kantarpolska.com\/archiwumraportow\/wp-json\/wp\/v2\/media?parent=1394"}],"wp:term":[{"taxonomy":"category","embeddable":true,"href":"https:\/\/public.kantarpolska.com\/archiwumraportow\/wp-json\/wp\/v2\/categories?post=1394"},{"taxonomy":"post_tag","embeddable":true,"href":"https:\/\/public.kantarpolska.com\/archiwumraportow\/wp-json\/wp\/v2\/tags?post=1394"}],"curies":[{"name":"wp","href":"https:\/\/api.w.org\/{rel}","templated":true}]}}