
{"id":1374,"date":"2003-08-25T00:00:00","date_gmt":"2003-08-25T00:00:00","guid":{"rendered":"https:\/\/www.tnsglobal.pl\/archiwumraportow\/2003\/08\/25\/trudy-zycia-w-transformacji-1992-2003\/"},"modified":"2003-08-25T00:00:00","modified_gmt":"2003-08-25T00:00:00","slug":"trudy-zycia-w-transformacji-1992-2003","status":"publish","type":"post","link":"https:\/\/public.kantarpolska.com\/archiwumraportow\/2003\/08\/25\/trudy-zycia-w-transformacji-1992-2003\/","title":{"rendered":"Trudy \u017cycia w transformacji: 1992-2003"},"content":{"rendered":"<p>W czerwcu 1992 r. O\u015brodek Badania Opinii Publicznej zada\u0142 reprezentacyjnej pr\u00f3bie doros\u0142ych mieszka\u0144c\u00f3w Polski pytanie &#8222;Jak bardzo w \u017cyciu codziennym Pana(i) i Pana(i) rodziny s\u0105 uci\u0105\u017cliwe, trudne do rozwi\u0105zania, nast\u0119puj\u0105ce<!--more--> problemy?&#8221; i poda\u0142 badanym d\u0142ug\u0105 list\u0119 20 problem\u00f3w. W sierpniu 2003 r. TNS OBOP zada\u0142 to samo pytanie ponownie; w 1992 r. badano osoby w wieku 16 i wi\u0119cej lat, a w 2003 r. wieku 15 i wi\u0119cej lat. Pierwsze z tych bada\u0144 zosta\u0142o przeprowadzone w kilka lat od zmiany ustroju politycznego i rozpocz\u0119cia reform systemu gospodarczego w Polsce. W\u0142a\u015bnie obalony zosta\u0142 gabinet Jana Olszewskiego i z misj\u0105 utworzenia nowego rz\u0105du zmaga\u0142 si\u0119 Waldemar Pawlak. Gospodarka dzia\u0142a\u0142a ju\u017c wedle zasad rynkowych, Leszek Balcerowicz zdusi\u0142 inflacj\u0119, w sklepach by\u0142o pe\u0142no towar\u00f3w, pieni\u0105dz wszak\u017ce by\u0142 ju\u017c bardzo trudny do zdobycia, a bezrobocie, zjawisko nie tak dawno jeszcze w Polsce nieznane, by\u0142o wysokie. Drugie badanie zosta\u0142o zrealizowane po kilkunastu latach &#8222;transformacji&#8221;, w warunkach, kt\u00f3rych przypomina\u0107 nie musimy. Ocena konsekwencji tych zmian dla zwyk\u0142ych ludzi jest w Polsce przedmiotem bezustannej dyskusji i spor\u00f3w. Przedstawione wyniki bada\u0144 z 2003 roku i por\u00f3wnanie wynik\u00f3w bada\u0144 z lat 1992 i 2003 stanowi\u0105 przyczynek do tej dyskusji.<\/p>\n<div class=\"infopay\">Raport udost\u0119pniany jest bezp\u0142atnie, w us\u0142udze &#8222;udost\u0119pnij aby pobra\u0107&#8221;.<br \/>\n          <b>Na czym to polega?<\/b> Raport b\u0119dzie dost\u0119pny do pobrania w pdf po udost\u0119pnieniu wpisu z linkiem do Archiwum Raport\u00f3w TNS Polska na wybranym serwisie spo\u0142eczno\u015bciowym: Facebooku lub Twitterze.\n          <\/div>\n","protected":false},"excerpt":{"rendered":"<p>W czerwcu 1992 r. O\u015brodek Badania Opinii Publicznej zada\u0142 reprezentacyjnej pr\u00f3bie doros\u0142ych mieszka\u0144c\u00f3w Polski pytanie &#8222;Jak bardzo w \u017cyciu codziennym Pana(i) i Pana(i) rodziny s\u0105 uci\u0105\u017cliwe, trudne do rozwi\u0105zania, nast\u0119puj\u0105ce<\/p>\n","protected":false},"author":1,"featured_media":0,"comment_status":"closed","ping_status":"closed","sticky":false,"template":"","format":"standard","meta":{"ngg_post_thumbnail":0},"categories":[1],"tags":[],"_links":{"self":[{"href":"https:\/\/public.kantarpolska.com\/archiwumraportow\/wp-json\/wp\/v2\/posts\/1374"}],"collection":[{"href":"https:\/\/public.kantarpolska.com\/archiwumraportow\/wp-json\/wp\/v2\/posts"}],"about":[{"href":"https:\/\/public.kantarpolska.com\/archiwumraportow\/wp-json\/wp\/v2\/types\/post"}],"author":[{"embeddable":true,"href":"https:\/\/public.kantarpolska.com\/archiwumraportow\/wp-json\/wp\/v2\/users\/1"}],"replies":[{"embeddable":true,"href":"https:\/\/public.kantarpolska.com\/archiwumraportow\/wp-json\/wp\/v2\/comments?post=1374"}],"version-history":[{"count":0,"href":"https:\/\/public.kantarpolska.com\/archiwumraportow\/wp-json\/wp\/v2\/posts\/1374\/revisions"}],"wp:attachment":[{"href":"https:\/\/public.kantarpolska.com\/archiwumraportow\/wp-json\/wp\/v2\/media?parent=1374"}],"wp:term":[{"taxonomy":"category","embeddable":true,"href":"https:\/\/public.kantarpolska.com\/archiwumraportow\/wp-json\/wp\/v2\/categories?post=1374"},{"taxonomy":"post_tag","embeddable":true,"href":"https:\/\/public.kantarpolska.com\/archiwumraportow\/wp-json\/wp\/v2\/tags?post=1374"}],"curies":[{"name":"wp","href":"https:\/\/api.w.org\/{rel}","templated":true}]}}