
{"id":1371,"date":"2001-09-11T00:00:00","date_gmt":"2001-09-11T00:00:00","guid":{"rendered":"https:\/\/www.tnsglobal.pl\/archiwumraportow\/2001\/09\/11\/ocena-rzadu-premiera-i-prezydenta-dwa-tygodnie-przed-wyborami-parlamentarnymi\/"},"modified":"2001-09-11T00:00:00","modified_gmt":"2001-09-11T00:00:00","slug":"ocena-rzadu-premiera-i-prezydenta-dwa-tygodnie-przed-wyborami-parlamentarnymi","status":"publish","type":"post","link":"https:\/\/public.kantarpolska.com\/archiwumraportow\/2001\/09\/11\/ocena-rzadu-premiera-i-prezydenta-dwa-tygodnie-przed-wyborami-parlamentarnymi\/","title":{"rendered":"Ocena rz\u0105du, premiera i prezydenta dwa tygodnie przed wyborami parlamentarnymi"},"content":{"rendered":"<p>Dwa tygodnie przed wyborami parlamentarnymi zapytali\u015bmy Polak\u00f3w o ich stosunek do rz\u0105du, premiera oraz prezydenta. Dzi\u015b, gdy znamy ju\u017c wyniki wybor\u00f3w, informacje o stosunku Polak\u00f3w do najwa\u017cniejszych<!--more--> instytucji w\u0142adzy tu\u017c przed g\u0142osowaniem, mog\u0105 stanowi\u0107 &#8211; przynajmniej cz\u0119\u015bciow\u0105 &#8211; odpowied\u017a, dlaczego takich a nie innych decyzji dokonywali w tym roku polscy wyborcy.<\/p>\n<div class=\"infopay\">Raport udost\u0119pniany jest bezp\u0142atnie, w us\u0142udze &#8222;udost\u0119pnij aby pobra\u0107&#8221;.<br \/>\n          <b>Na czym to polega?<\/b> Raport b\u0119dzie dost\u0119pny do pobrania w pdf po udost\u0119pnieniu wpisu z linkiem do Archiwum Raport\u00f3w TNS Polska na wybranym serwisie spo\u0142eczno\u015bciowym: Facebooku lub Twitterze.\n          <\/div>\n","protected":false},"excerpt":{"rendered":"<p>Dwa tygodnie przed wyborami parlamentarnymi zapytali\u015bmy Polak\u00f3w o ich stosunek do rz\u0105du, premiera oraz prezydenta. Dzi\u015b, gdy znamy ju\u017c wyniki wybor\u00f3w, informacje o stosunku Polak\u00f3w do najwa\u017cniejszych<\/p>\n","protected":false},"author":1,"featured_media":0,"comment_status":"closed","ping_status":"closed","sticky":false,"template":"","format":"standard","meta":{"ngg_post_thumbnail":0},"categories":[1],"tags":[],"_links":{"self":[{"href":"https:\/\/public.kantarpolska.com\/archiwumraportow\/wp-json\/wp\/v2\/posts\/1371"}],"collection":[{"href":"https:\/\/public.kantarpolska.com\/archiwumraportow\/wp-json\/wp\/v2\/posts"}],"about":[{"href":"https:\/\/public.kantarpolska.com\/archiwumraportow\/wp-json\/wp\/v2\/types\/post"}],"author":[{"embeddable":true,"href":"https:\/\/public.kantarpolska.com\/archiwumraportow\/wp-json\/wp\/v2\/users\/1"}],"replies":[{"embeddable":true,"href":"https:\/\/public.kantarpolska.com\/archiwumraportow\/wp-json\/wp\/v2\/comments?post=1371"}],"version-history":[{"count":0,"href":"https:\/\/public.kantarpolska.com\/archiwumraportow\/wp-json\/wp\/v2\/posts\/1371\/revisions"}],"wp:attachment":[{"href":"https:\/\/public.kantarpolska.com\/archiwumraportow\/wp-json\/wp\/v2\/media?parent=1371"}],"wp:term":[{"taxonomy":"category","embeddable":true,"href":"https:\/\/public.kantarpolska.com\/archiwumraportow\/wp-json\/wp\/v2\/categories?post=1371"},{"taxonomy":"post_tag","embeddable":true,"href":"https:\/\/public.kantarpolska.com\/archiwumraportow\/wp-json\/wp\/v2\/tags?post=1371"}],"curies":[{"name":"wp","href":"https:\/\/api.w.org\/{rel}","templated":true}]}}