
{"id":1366,"date":"2003-08-11T00:00:00","date_gmt":"2003-08-11T00:00:00","guid":{"rendered":"https:\/\/www.tnsglobal.pl\/archiwumraportow\/2003\/08\/11\/nastroje-spoleczne-polakow-w-sierpniu-2003-r\/"},"modified":"2003-08-11T00:00:00","modified_gmt":"2003-08-11T00:00:00","slug":"nastroje-spoleczne-polakow-w-sierpniu-2003-r","status":"publish","type":"post","link":"https:\/\/public.kantarpolska.com\/archiwumraportow\/2003\/08\/11\/nastroje-spoleczne-polakow-w-sierpniu-2003-r\/","title":{"rendered":"Nastroje spo\u0142eczne Polak\u00f3w w sierpniu 2003 r."},"content":{"rendered":"<p>W pierwszej po\u0142owie sierpnia TNS OBOP przeprowadzi\u0142 sonda\u017c, na podstawie kt\u00f3rego dokonano pomiaru nastroj\u00f3w spo\u0142ecznych w Polsce. Ankietowani wyrazili swoje opinie na temat kierunku zmian zachodz\u0105cych w<!--more--> Polsce, ocenili stan polskiej gospodarki oraz przedstawili swoje prognozy dotycz\u0105ce warunk\u00f3w \u017cycia Polak\u00f3w za trzy lata. Uzyskane wyniki zestawiono z badaniami z poprzednich miesi\u0119cy.<\/p>\n<div class=\"infopay\">Raport udost\u0119pniany jest bezp\u0142atnie, w us\u0142udze &#8222;udost\u0119pnij aby pobra\u0107&#8221;.<br \/>\n          <b>Na czym to polega?<\/b> Raport b\u0119dzie dost\u0119pny do pobrania w pdf po udost\u0119pnieniu wpisu z linkiem do Archiwum Raport\u00f3w TNS Polska na wybranym serwisie spo\u0142eczno\u015bciowym: Facebooku lub Twitterze.\n          <\/div>\n","protected":false},"excerpt":{"rendered":"<p>W pierwszej po\u0142owie sierpnia TNS OBOP przeprowadzi\u0142 sonda\u017c, na podstawie kt\u00f3rego dokonano pomiaru nastroj\u00f3w spo\u0142ecznych w Polsce. Ankietowani wyrazili swoje opinie na temat kierunku zmian zachodz\u0105cych w<\/p>\n","protected":false},"author":1,"featured_media":0,"comment_status":"closed","ping_status":"closed","sticky":false,"template":"","format":"standard","meta":{"ngg_post_thumbnail":0},"categories":[1],"tags":[],"_links":{"self":[{"href":"https:\/\/public.kantarpolska.com\/archiwumraportow\/wp-json\/wp\/v2\/posts\/1366"}],"collection":[{"href":"https:\/\/public.kantarpolska.com\/archiwumraportow\/wp-json\/wp\/v2\/posts"}],"about":[{"href":"https:\/\/public.kantarpolska.com\/archiwumraportow\/wp-json\/wp\/v2\/types\/post"}],"author":[{"embeddable":true,"href":"https:\/\/public.kantarpolska.com\/archiwumraportow\/wp-json\/wp\/v2\/users\/1"}],"replies":[{"embeddable":true,"href":"https:\/\/public.kantarpolska.com\/archiwumraportow\/wp-json\/wp\/v2\/comments?post=1366"}],"version-history":[{"count":0,"href":"https:\/\/public.kantarpolska.com\/archiwumraportow\/wp-json\/wp\/v2\/posts\/1366\/revisions"}],"wp:attachment":[{"href":"https:\/\/public.kantarpolska.com\/archiwumraportow\/wp-json\/wp\/v2\/media?parent=1366"}],"wp:term":[{"taxonomy":"category","embeddable":true,"href":"https:\/\/public.kantarpolska.com\/archiwumraportow\/wp-json\/wp\/v2\/categories?post=1366"},{"taxonomy":"post_tag","embeddable":true,"href":"https:\/\/public.kantarpolska.com\/archiwumraportow\/wp-json\/wp\/v2\/tags?post=1366"}],"curies":[{"name":"wp","href":"https:\/\/api.w.org\/{rel}","templated":true}]}}