
{"id":1355,"date":"2003-06-09T00:00:00","date_gmt":"2003-06-09T00:00:00","guid":{"rendered":"https:\/\/www.tnsglobal.pl\/archiwumraportow\/2003\/06\/09\/polska-w-polityce-swiatowej\/"},"modified":"2003-06-09T00:00:00","modified_gmt":"2003-06-09T00:00:00","slug":"polska-w-polityce-swiatowej","status":"publish","type":"post","link":"https:\/\/public.kantarpolska.com\/archiwumraportow\/2003\/06\/09\/polska-w-polityce-swiatowej\/","title":{"rendered":"Polska w polityce \u015bwiatowej"},"content":{"rendered":"<p>Konflikt wok\u00f3\u0142 Iraku, pojawienie si\u0119 rozbie\u017cno\u015bci mi\u0119dzy Ameryk\u0105 a &#8222;star\u0105 Europ\u0105&#8221;, opowiedzenie si\u0119 Polski po stronie Stan\u00f3w Zjednoczonych, udzia\u0142 Polski w wojnie i obj\u0119cie przez Polsk\u0119 strefy stabilizacyjnej<!--more--> w powojennym Iraku &#8211; wszystko to sprawi\u0142o, \u017ce sprawy \u015bwiatowe i polityka zagraniczna nabra\u0142y w Polsce na znaczeniu. Przeprowadzony w dniach 7-9 czerwca 2003 r. sonda\u017c TNS OBOP pokazuje, co dzi\u015b Polacy my\u015bl\u0105 o polityce \u015bwiatowej i miejscu Polski w tej polityce. Zbadano, kogo Polacy uwa\u017caj\u0105 za zdolnego do odpowiedzialnego zajmowania si\u0119 sprawami \u015bwiatowymi, jak widz\u0105 Uni\u0119 Europejsk\u0105 i Stany Zjednoczone oraz jak oceniaj\u0105 sytuacj\u0119, w kt\u00f3rej nieoczekiwanie znalaz\u0142a si\u0119 Polska po wojnie w Iraku.<\/p>\n<div class=\"infopay\">Raport udost\u0119pniany jest bezp\u0142atnie, w us\u0142udze &#8222;udost\u0119pnij aby pobra\u0107&#8221;.<br \/>\n          <b>Na czym to polega?<\/b> Raport b\u0119dzie dost\u0119pny do pobrania w pdf po udost\u0119pnieniu wpisu z linkiem do Archiwum Raport\u00f3w TNS Polska na wybranym serwisie spo\u0142eczno\u015bciowym: Facebooku lub Twitterze.\n          <\/div>\n","protected":false},"excerpt":{"rendered":"<p>Konflikt wok\u00f3\u0142 Iraku, pojawienie si\u0119 rozbie\u017cno\u015bci mi\u0119dzy Ameryk\u0105 a &#8222;star\u0105 Europ\u0105&#8221;, opowiedzenie si\u0119 Polski po stronie Stan\u00f3w Zjednoczonych, udzia\u0142 Polski w wojnie i obj\u0119cie przez Polsk\u0119 strefy stabilizacyjnej<\/p>\n","protected":false},"author":1,"featured_media":0,"comment_status":"closed","ping_status":"closed","sticky":false,"template":"","format":"standard","meta":{"ngg_post_thumbnail":0},"categories":[1],"tags":[],"_links":{"self":[{"href":"https:\/\/public.kantarpolska.com\/archiwumraportow\/wp-json\/wp\/v2\/posts\/1355"}],"collection":[{"href":"https:\/\/public.kantarpolska.com\/archiwumraportow\/wp-json\/wp\/v2\/posts"}],"about":[{"href":"https:\/\/public.kantarpolska.com\/archiwumraportow\/wp-json\/wp\/v2\/types\/post"}],"author":[{"embeddable":true,"href":"https:\/\/public.kantarpolska.com\/archiwumraportow\/wp-json\/wp\/v2\/users\/1"}],"replies":[{"embeddable":true,"href":"https:\/\/public.kantarpolska.com\/archiwumraportow\/wp-json\/wp\/v2\/comments?post=1355"}],"version-history":[{"count":0,"href":"https:\/\/public.kantarpolska.com\/archiwumraportow\/wp-json\/wp\/v2\/posts\/1355\/revisions"}],"wp:attachment":[{"href":"https:\/\/public.kantarpolska.com\/archiwumraportow\/wp-json\/wp\/v2\/media?parent=1355"}],"wp:term":[{"taxonomy":"category","embeddable":true,"href":"https:\/\/public.kantarpolska.com\/archiwumraportow\/wp-json\/wp\/v2\/categories?post=1355"},{"taxonomy":"post_tag","embeddable":true,"href":"https:\/\/public.kantarpolska.com\/archiwumraportow\/wp-json\/wp\/v2\/tags?post=1355"}],"curies":[{"name":"wp","href":"https:\/\/api.w.org\/{rel}","templated":true}]}}