
{"id":1342,"date":"2003-06-15T00:00:00","date_gmt":"2003-06-15T00:00:00","guid":{"rendered":"https:\/\/www.tnsglobal.pl\/archiwumraportow\/2003\/06\/15\/co-zmieni-wejscie-polski-do-unii-europejskiej\/"},"modified":"2003-06-15T00:00:00","modified_gmt":"2003-06-15T00:00:00","slug":"co-zmieni-wejscie-polski-do-unii-europejskiej","status":"publish","type":"post","link":"https:\/\/public.kantarpolska.com\/archiwumraportow\/2003\/06\/15\/co-zmieni-wejscie-polski-do-unii-europejskiej\/","title":{"rendered":"Co zmieni wej\u015bcie Polski do Unii Europejskiej?"},"content":{"rendered":"<p>Tydzie\u0144 po referendum unijnym TNS OBOP zapyta\u0142 Polak\u00f3w o poczucie wp\u0142ywu i postrzegany kierunek zmian &#8211; na lepsze czy na gorsze &#8211; po wej\u015bciu<!--more--> Polski do UE. Czy i w jaki spos\u00f3b cz\u0142onkostwo w Unii wp\u0142ynie na \u017cycie Polak\u00f3w, na \u017cycie naszych dzieci, na sytuacj\u0119 kraju w najbli\u017cszym czasie oraz za dziesi\u0119\u0107 lat? Na pytania te &#8211; jak mo\u017cna si\u0119 spodziewa\u0107 &#8211; inaczej odpowiadaj\u0105 zwolennicy, a inaczej przeciwnicy wej\u015bcia Polski do Unii.<\/p>\n<div class=\"infopay\">Raport udost\u0119pniany jest bezp\u0142atnie, w us\u0142udze &#8222;udost\u0119pnij aby pobra\u0107&#8221;.<br \/>\n          <b>Na czym to polega?<\/b> Raport b\u0119dzie dost\u0119pny do pobrania w pdf po udost\u0119pnieniu wpisu z linkiem do Archiwum Raport\u00f3w TNS Polska na wybranym serwisie spo\u0142eczno\u015bciowym: Facebooku lub Twitterze.\n          <\/div>\n","protected":false},"excerpt":{"rendered":"<p>Tydzie\u0144 po referendum unijnym TNS OBOP zapyta\u0142 Polak\u00f3w o poczucie wp\u0142ywu i postrzegany kierunek zmian &#8211; na lepsze czy na gorsze &#8211; po wej\u015bciu<\/p>\n","protected":false},"author":1,"featured_media":0,"comment_status":"closed","ping_status":"closed","sticky":false,"template":"","format":"standard","meta":{"ngg_post_thumbnail":0},"categories":[1],"tags":[],"_links":{"self":[{"href":"https:\/\/public.kantarpolska.com\/archiwumraportow\/wp-json\/wp\/v2\/posts\/1342"}],"collection":[{"href":"https:\/\/public.kantarpolska.com\/archiwumraportow\/wp-json\/wp\/v2\/posts"}],"about":[{"href":"https:\/\/public.kantarpolska.com\/archiwumraportow\/wp-json\/wp\/v2\/types\/post"}],"author":[{"embeddable":true,"href":"https:\/\/public.kantarpolska.com\/archiwumraportow\/wp-json\/wp\/v2\/users\/1"}],"replies":[{"embeddable":true,"href":"https:\/\/public.kantarpolska.com\/archiwumraportow\/wp-json\/wp\/v2\/comments?post=1342"}],"version-history":[{"count":1,"href":"https:\/\/public.kantarpolska.com\/archiwumraportow\/wp-json\/wp\/v2\/posts\/1342\/revisions"}],"predecessor-version":[{"id":5718,"href":"https:\/\/public.kantarpolska.com\/archiwumraportow\/wp-json\/wp\/v2\/posts\/1342\/revisions\/5718"}],"wp:attachment":[{"href":"https:\/\/public.kantarpolska.com\/archiwumraportow\/wp-json\/wp\/v2\/media?parent=1342"}],"wp:term":[{"taxonomy":"category","embeddable":true,"href":"https:\/\/public.kantarpolska.com\/archiwumraportow\/wp-json\/wp\/v2\/categories?post=1342"},{"taxonomy":"post_tag","embeddable":true,"href":"https:\/\/public.kantarpolska.com\/archiwumraportow\/wp-json\/wp\/v2\/tags?post=1342"}],"curies":[{"name":"wp","href":"https:\/\/api.w.org\/{rel}","templated":true}]}}