
{"id":1341,"date":"2003-06-15T00:00:00","date_gmt":"2003-06-15T00:00:00","guid":{"rendered":"https:\/\/www.tnsglobal.pl\/archiwumraportow\/2003\/06\/15\/co-wplynelo-na-zachowania-polakow-w-referendum\/"},"modified":"2003-06-15T00:00:00","modified_gmt":"2003-06-15T00:00:00","slug":"co-wplynelo-na-zachowania-polakow-w-referendum","status":"publish","type":"post","link":"https:\/\/public.kantarpolska.com\/archiwumraportow\/2003\/06\/15\/co-wplynelo-na-zachowania-polakow-w-referendum\/","title":{"rendered":"Co wp\u0142yn\u0119\u0142o na zachowania Polak\u00f3w w referendum?"},"content":{"rendered":"<p>W zrealizowanym przez TNS OBOP tydzie\u0144 po referendum sonda\u017cu zapytali\u015bmy Polak\u00f3w o wp\u0142yw, jaki na ich ostateczn\u0105 decyzj\u0119 o g\u0142osowaniu mia\u0142y takie czynniki jak: rz\u0105dowa kampania referendalna,<!--more--> apele prezydenta i partii politycznych, wypowied\u017a Papie\u017ca &#8222;&#8230;od Unii Lubelskiej do Unii Europejskiej&#8221; oraz informacja o niskiej frekwencji w pierwszym dniu g\u0142osowania. Z kolei osoby, kt\u00f3re nie wzi\u0119\u0142y udzia\u0142u w g\u0142osowaniu, zosta\u0142y poproszone o uzasadnienie swojej absencji.<\/p>\n<div class=\"infopay\">Raport udost\u0119pniany jest bezp\u0142atnie, w us\u0142udze &#8222;udost\u0119pnij aby pobra\u0107&#8221;.<br \/>\n          <b>Na czym to polega?<\/b> Raport b\u0119dzie dost\u0119pny do pobrania w pdf po udost\u0119pnieniu wpisu z linkiem do Archiwum Raport\u00f3w TNS Polska na wybranym serwisie spo\u0142eczno\u015bciowym: Facebooku lub Twitterze.\n          <\/div>\n","protected":false},"excerpt":{"rendered":"<p>W zrealizowanym przez TNS OBOP tydzie\u0144 po referendum sonda\u017cu zapytali\u015bmy Polak\u00f3w o wp\u0142yw, jaki na ich ostateczn\u0105 decyzj\u0119 o g\u0142osowaniu mia\u0142y takie czynniki jak: rz\u0105dowa kampania referendalna,<\/p>\n","protected":false},"author":1,"featured_media":0,"comment_status":"closed","ping_status":"closed","sticky":false,"template":"","format":"standard","meta":{"ngg_post_thumbnail":0},"categories":[1],"tags":[],"_links":{"self":[{"href":"https:\/\/public.kantarpolska.com\/archiwumraportow\/wp-json\/wp\/v2\/posts\/1341"}],"collection":[{"href":"https:\/\/public.kantarpolska.com\/archiwumraportow\/wp-json\/wp\/v2\/posts"}],"about":[{"href":"https:\/\/public.kantarpolska.com\/archiwumraportow\/wp-json\/wp\/v2\/types\/post"}],"author":[{"embeddable":true,"href":"https:\/\/public.kantarpolska.com\/archiwumraportow\/wp-json\/wp\/v2\/users\/1"}],"replies":[{"embeddable":true,"href":"https:\/\/public.kantarpolska.com\/archiwumraportow\/wp-json\/wp\/v2\/comments?post=1341"}],"version-history":[{"count":1,"href":"https:\/\/public.kantarpolska.com\/archiwumraportow\/wp-json\/wp\/v2\/posts\/1341\/revisions"}],"predecessor-version":[{"id":5717,"href":"https:\/\/public.kantarpolska.com\/archiwumraportow\/wp-json\/wp\/v2\/posts\/1341\/revisions\/5717"}],"wp:attachment":[{"href":"https:\/\/public.kantarpolska.com\/archiwumraportow\/wp-json\/wp\/v2\/media?parent=1341"}],"wp:term":[{"taxonomy":"category","embeddable":true,"href":"https:\/\/public.kantarpolska.com\/archiwumraportow\/wp-json\/wp\/v2\/categories?post=1341"},{"taxonomy":"post_tag","embeddable":true,"href":"https:\/\/public.kantarpolska.com\/archiwumraportow\/wp-json\/wp\/v2\/tags?post=1341"}],"curies":[{"name":"wp","href":"https:\/\/api.w.org\/{rel}","templated":true}]}}