
{"id":1329,"date":"2003-06-09T00:00:00","date_gmt":"2003-06-09T00:00:00","guid":{"rendered":"https:\/\/www.tnsglobal.pl\/archiwumraportow\/2003\/06\/09\/instytucje-wladzy-w-polowie-2003-r-spoleczne-oceny-rzadu-premiera-i-prezydenta\/"},"modified":"2003-06-09T00:00:00","modified_gmt":"2003-06-09T00:00:00","slug":"instytucje-wladzy-w-polowie-2003-r-spoleczne-oceny-rzadu-premiera-i-prezydenta","status":"publish","type":"post","link":"https:\/\/public.kantarpolska.com\/archiwumraportow\/2003\/06\/09\/instytucje-wladzy-w-polowie-2003-r-spoleczne-oceny-rzadu-premiera-i-prezydenta\/","title":{"rendered":"Instytucje w\u0142adzy w po\u0142owie 2003 r. &#8211; spo\u0142eczne oceny rz\u0105du, premiera i prezydenta"},"content":{"rendered":"<p>W tym samym czasie, kiedy Polacy decydowali o przyst\u0105pieniu b\u0105d\u017a nie do struktur unijnych, zapytali\u015bmy ich o ocen\u0119 rz\u0105du &#8211; kt\u00f3ry warunki cz\u0142onkostwa w Unii wynegocjowa\u0142 &#8211; oraz<!--more--> kieruj\u0105cego nim premiera Leszka Millera a tak\u017ce urz\u0119duj\u0105cego prezydenta. Od d\u0142ugiego czasu notowania zar\u00f3wno rz\u0105du, jak i jego szefa s\u0105 bardzo z\u0142e. Rekordowy pod tym wzgl\u0119dem jest ko\u0144cz\u0105cy si\u0119 drugi kwarta\u0142, w kt\u00f3rym to zosta\u0142y przekroczone kolejne bariery spo\u0142ecznej dezaprobaty: w przypadku rz\u0105du opinie krytyczne przekroczy\u0142y po raz pierwszy poziom 80%, za\u015b w przypadku premiera &#8211; poziom 70%. Taki by\u0142 &#8222;bilans otwarcia&#8221; drugiego kwarta\u0142u (kwiecie\u0144). Jaki jest &#8222;bilans zamkni\u0119cia&#8221;? Pokazuje to powsta\u0142y po badaniu komunikat.<\/p>\n<div class=\"infopay\">Raport udost\u0119pniany jest bezp\u0142atnie, w us\u0142udze &#8222;udost\u0119pnij aby pobra\u0107&#8221;.<br \/>\n          <b>Na czym to polega?<\/b> Raport b\u0119dzie dost\u0119pny do pobrania w pdf po udost\u0119pnieniu wpisu z linkiem do Archiwum Raport\u00f3w TNS Polska na wybranym serwisie spo\u0142eczno\u015bciowym: Facebooku lub Twitterze.\n          <\/div>\n","protected":false},"excerpt":{"rendered":"<p>W tym samym czasie, kiedy Polacy decydowali o przyst\u0105pieniu b\u0105d\u017a nie do struktur unijnych, zapytali\u015bmy ich o ocen\u0119 rz\u0105du &#8211; kt\u00f3ry warunki cz\u0142onkostwa w Unii wynegocjowa\u0142 &#8211; oraz<\/p>\n","protected":false},"author":1,"featured_media":0,"comment_status":"closed","ping_status":"closed","sticky":false,"template":"","format":"standard","meta":{"ngg_post_thumbnail":0},"categories":[1],"tags":[],"_links":{"self":[{"href":"https:\/\/public.kantarpolska.com\/archiwumraportow\/wp-json\/wp\/v2\/posts\/1329"}],"collection":[{"href":"https:\/\/public.kantarpolska.com\/archiwumraportow\/wp-json\/wp\/v2\/posts"}],"about":[{"href":"https:\/\/public.kantarpolska.com\/archiwumraportow\/wp-json\/wp\/v2\/types\/post"}],"author":[{"embeddable":true,"href":"https:\/\/public.kantarpolska.com\/archiwumraportow\/wp-json\/wp\/v2\/users\/1"}],"replies":[{"embeddable":true,"href":"https:\/\/public.kantarpolska.com\/archiwumraportow\/wp-json\/wp\/v2\/comments?post=1329"}],"version-history":[{"count":0,"href":"https:\/\/public.kantarpolska.com\/archiwumraportow\/wp-json\/wp\/v2\/posts\/1329\/revisions"}],"wp:attachment":[{"href":"https:\/\/public.kantarpolska.com\/archiwumraportow\/wp-json\/wp\/v2\/media?parent=1329"}],"wp:term":[{"taxonomy":"category","embeddable":true,"href":"https:\/\/public.kantarpolska.com\/archiwumraportow\/wp-json\/wp\/v2\/categories?post=1329"},{"taxonomy":"post_tag","embeddable":true,"href":"https:\/\/public.kantarpolska.com\/archiwumraportow\/wp-json\/wp\/v2\/tags?post=1329"}],"curies":[{"name":"wp","href":"https:\/\/api.w.org\/{rel}","templated":true}]}}