
{"id":1327,"date":"2003-05-12T00:00:00","date_gmt":"2003-05-12T00:00:00","guid":{"rendered":"https:\/\/www.tnsglobal.pl\/archiwumraportow\/2003\/05\/12\/polacy-o-czlonkostwie-w-unii-europejskiej-przed-referendum\/"},"modified":"2003-05-12T00:00:00","modified_gmt":"2003-05-12T00:00:00","slug":"polacy-o-czlonkostwie-w-unii-europejskiej-przed-referendum","status":"publish","type":"post","link":"https:\/\/public.kantarpolska.com\/archiwumraportow\/2003\/05\/12\/polacy-o-czlonkostwie-w-unii-europejskiej-przed-referendum\/","title":{"rendered":"Polacy o cz\u0142onkostwie w Unii Europejskiej przed referendum"},"content":{"rendered":"<p>Komunikat przedstawia wyniki kolejnej edycji badania Euro-Track, zrealizowanej przez TNS OBOP w dniach 10-12 maja 2003 r., na miesi\u0105c przed referendum akcesyjnym. By\u0142 to ostatni &#8222;europejski&#8221;<!--more--> sonda\u017c TNS OBOP przed tym wydarzeniem. W badaniu tym ustalono subiektywny stopie\u0144 poinformowania Polak\u00f3w na temat cz\u0142onkostwa Polski w Unii Europejskiej, zbadano gotowo\u015b\u0107 do udzia\u0142u w referendum i zamierzony spos\u00f3b g\u0142osowania. Uzyskane w maju wyniki por\u00f3wnywano z wynikami bada\u0144 poprzednich, co pozwoli\u0142o zobaczy\u0107 je na tle, czasem nawet kilkuletnich, tendencji. Dodatkowo, zawarto\u015b\u0107 komunikatu wzbogacono o pochodz\u0105ce z tego samego sonda\u017cu informacje o tym jak Polacy postrzegaj\u0105 korzy\u015bci i straty zwi\u0105zane z wej\u015bciem do UE w takich dziedzinach jak: edukacja, mo\u017cliwo\u015bci podr\u00f3\u017cowania, pozycja na rynku pracy, poziom cen d\u00f3br konsumpcyjnych, poziom \u017cycia, \u015brodowisko naturalne oraz poczucie dumy z naszego kraju.<\/p>\n<div class=\"infopay\">Raport udost\u0119pniany jest bezp\u0142atnie, w us\u0142udze &#8222;udost\u0119pnij aby pobra\u0107&#8221;.<br \/>\n          <b>Na czym to polega?<\/b> Raport b\u0119dzie dost\u0119pny do pobrania w pdf po udost\u0119pnieniu wpisu z linkiem do Archiwum Raport\u00f3w TNS Polska na wybranym serwisie spo\u0142eczno\u015bciowym: Facebooku lub Twitterze.\n          <\/div>\n","protected":false},"excerpt":{"rendered":"<p>Komunikat przedstawia wyniki kolejnej edycji badania Euro-Track, zrealizowanej przez TNS OBOP w dniach 10-12 maja 2003 r., na miesi\u0105c przed referendum akcesyjnym. By\u0142 to ostatni &#8222;europejski&#8221;<\/p>\n","protected":false},"author":1,"featured_media":0,"comment_status":"closed","ping_status":"closed","sticky":false,"template":"","format":"standard","meta":{"ngg_post_thumbnail":0},"categories":[1],"tags":[],"_links":{"self":[{"href":"https:\/\/public.kantarpolska.com\/archiwumraportow\/wp-json\/wp\/v2\/posts\/1327"}],"collection":[{"href":"https:\/\/public.kantarpolska.com\/archiwumraportow\/wp-json\/wp\/v2\/posts"}],"about":[{"href":"https:\/\/public.kantarpolska.com\/archiwumraportow\/wp-json\/wp\/v2\/types\/post"}],"author":[{"embeddable":true,"href":"https:\/\/public.kantarpolska.com\/archiwumraportow\/wp-json\/wp\/v2\/users\/1"}],"replies":[{"embeddable":true,"href":"https:\/\/public.kantarpolska.com\/archiwumraportow\/wp-json\/wp\/v2\/comments?post=1327"}],"version-history":[{"count":1,"href":"https:\/\/public.kantarpolska.com\/archiwumraportow\/wp-json\/wp\/v2\/posts\/1327\/revisions"}],"predecessor-version":[{"id":5719,"href":"https:\/\/public.kantarpolska.com\/archiwumraportow\/wp-json\/wp\/v2\/posts\/1327\/revisions\/5719"}],"wp:attachment":[{"href":"https:\/\/public.kantarpolska.com\/archiwumraportow\/wp-json\/wp\/v2\/media?parent=1327"}],"wp:term":[{"taxonomy":"category","embeddable":true,"href":"https:\/\/public.kantarpolska.com\/archiwumraportow\/wp-json\/wp\/v2\/categories?post=1327"},{"taxonomy":"post_tag","embeddable":true,"href":"https:\/\/public.kantarpolska.com\/archiwumraportow\/wp-json\/wp\/v2\/tags?post=1327"}],"curies":[{"name":"wp","href":"https:\/\/api.w.org\/{rel}","templated":true}]}}