
{"id":1323,"date":"2003-05-12T00:00:00","date_gmt":"2003-05-12T00:00:00","guid":{"rendered":"https:\/\/www.tnsglobal.pl\/archiwumraportow\/2003\/05\/12\/spoleczne-oceny-rzadu-premiera-i-prezydenta-w-polowie-drugiego-kwartalu-2003-r\/"},"modified":"2003-05-12T00:00:00","modified_gmt":"2003-05-12T00:00:00","slug":"spoleczne-oceny-rzadu-premiera-i-prezydenta-w-polowie-drugiego-kwartalu-2003-r","status":"publish","type":"post","link":"https:\/\/public.kantarpolska.com\/archiwumraportow\/2003\/05\/12\/spoleczne-oceny-rzadu-premiera-i-prezydenta-w-polowie-drugiego-kwartalu-2003-r\/","title":{"rendered":"Spo\u0142eczne oceny rz\u0105du, premiera i prezydenta w po\u0142owie drugiego kwarta\u0142u 2003 r."},"content":{"rendered":"<p>Spo\u0142eczne oceny rz\u0105du i premiera w ostatnim czasie obni\u017cy\u0142y si\u0119, a ich pomiary sta\u0142y si\u0119 istotnymi faktami politycznymi. W pierwszej po\u0142owie maja TNS OBOP przeprowadzi\u0142 kolejny pomiar spo\u0142ecznych<!--more--> ocen rz\u0105du, premiera i prezydenta. Raport zawiera wyniki tego pomiaru.<\/p>\n<div class=\"infopay\">Raport udost\u0119pniany jest bezp\u0142atnie, w us\u0142udze &#8222;udost\u0119pnij aby pobra\u0107&#8221;.<br \/>\n          <b>Na czym to polega?<\/b> Raport b\u0119dzie dost\u0119pny do pobrania w pdf po udost\u0119pnieniu wpisu z linkiem do Archiwum Raport\u00f3w TNS Polska na wybranym serwisie spo\u0142eczno\u015bciowym: Facebooku lub Twitterze.\n          <\/div>\n","protected":false},"excerpt":{"rendered":"<p>Spo\u0142eczne oceny rz\u0105du i premiera w ostatnim czasie obni\u017cy\u0142y si\u0119, a ich pomiary sta\u0142y si\u0119 istotnymi faktami politycznymi. W pierwszej po\u0142owie maja TNS OBOP przeprowadzi\u0142 kolejny pomiar spo\u0142ecznych<\/p>\n","protected":false},"author":1,"featured_media":0,"comment_status":"closed","ping_status":"closed","sticky":false,"template":"","format":"standard","meta":{"ngg_post_thumbnail":0},"categories":[1],"tags":[],"_links":{"self":[{"href":"https:\/\/public.kantarpolska.com\/archiwumraportow\/wp-json\/wp\/v2\/posts\/1323"}],"collection":[{"href":"https:\/\/public.kantarpolska.com\/archiwumraportow\/wp-json\/wp\/v2\/posts"}],"about":[{"href":"https:\/\/public.kantarpolska.com\/archiwumraportow\/wp-json\/wp\/v2\/types\/post"}],"author":[{"embeddable":true,"href":"https:\/\/public.kantarpolska.com\/archiwumraportow\/wp-json\/wp\/v2\/users\/1"}],"replies":[{"embeddable":true,"href":"https:\/\/public.kantarpolska.com\/archiwumraportow\/wp-json\/wp\/v2\/comments?post=1323"}],"version-history":[{"count":0,"href":"https:\/\/public.kantarpolska.com\/archiwumraportow\/wp-json\/wp\/v2\/posts\/1323\/revisions"}],"wp:attachment":[{"href":"https:\/\/public.kantarpolska.com\/archiwumraportow\/wp-json\/wp\/v2\/media?parent=1323"}],"wp:term":[{"taxonomy":"category","embeddable":true,"href":"https:\/\/public.kantarpolska.com\/archiwumraportow\/wp-json\/wp\/v2\/categories?post=1323"},{"taxonomy":"post_tag","embeddable":true,"href":"https:\/\/public.kantarpolska.com\/archiwumraportow\/wp-json\/wp\/v2\/tags?post=1323"}],"curies":[{"name":"wp","href":"https:\/\/api.w.org\/{rel}","templated":true}]}}