
{"id":1320,"date":"2003-03-10T00:00:00","date_gmt":"2003-03-10T00:00:00","guid":{"rendered":"https:\/\/www.tnsglobal.pl\/archiwumraportow\/2003\/03\/10\/zaufanie-do-politykow-2-przywodcy-partii-politycznych\/"},"modified":"2003-03-10T00:00:00","modified_gmt":"2003-03-10T00:00:00","slug":"zaufanie-do-politykow-2-przywodcy-partii-politycznych","status":"publish","type":"post","link":"https:\/\/public.kantarpolska.com\/archiwumraportow\/2003\/03\/10\/zaufanie-do-politykow-2-przywodcy-partii-politycznych\/","title":{"rendered":"Zaufanie do polityk\u00f3w (2) &#8211; przyw\u00f3dcy partii politycznych"},"content":{"rendered":"<p>Niniejszy komunikat jest drugim z serii, prezentuj\u0105cym wyniki corocznego badania po\u015bwi\u0119conego stosunkowi Polak\u00f3w do polityk\u00f3w. W poprzednim opracowaniu omawiali\u015bmy opinie Polak\u00f3w na temat szef\u00f3w zwi\u0105zk\u00f3w zawodowych (wyniki<!--more--> te zestawiali\u015bmy z wynikami kierowanych przez nich organizacji), teraz &#8211; przedmiotem naszego zainteresowania byli przewodnicz\u0105cy i prezesi partii politycznych. W obu opracowaniach dotycz\u0105cych szef\u00f3w zwi\u0105zk\u00f3w oraz partii politycznych pojawia si\u0119 nazwisko Andrzeja Leppera &#8211; wtedy w kontek\u015bcie pe\u0142nionej funkcji przewodnicz\u0105cego zwi\u0105zku Samoobrona, teraz za\u015b &#8211; partii Samoobrona. rnSonda\u017c, kt\u00f3rego wyniki prezentujemy, realizowany by\u0142 jeszcze w czasie, gdy szefem Platformy Obywatelskiej pozostawa\u0142 Maciej P\u0142a\u017cy\u0144ski. Z tego powodu &#8211; wyj\u0105tkowo &#8211; partia ta jako jedyna reprezentowana jest tu przez dw\u00f3ch polityk\u00f3w: jej lidera \u00f3wczesnego oraz &#8211; obecnego &#8211; Donald<\/p>\n<div class=\"infopay\">Raport udost\u0119pniany jest bezp\u0142atnie, w us\u0142udze &#8222;udost\u0119pnij aby pobra\u0107&#8221;.<br \/>\n          <b>Na czym to polega?<\/b> Raport b\u0119dzie dost\u0119pny do pobrania w pdf po udost\u0119pnieniu wpisu z linkiem do Archiwum Raport\u00f3w TNS Polska na wybranym serwisie spo\u0142eczno\u015bciowym: Facebooku lub Twitterze.\n          <\/div>\n","protected":false},"excerpt":{"rendered":"<p>Niniejszy komunikat jest drugim z serii, prezentuj\u0105cym wyniki corocznego badania po\u015bwi\u0119conego stosunkowi Polak\u00f3w do polityk\u00f3w. W poprzednim opracowaniu omawiali\u015bmy opinie Polak\u00f3w na temat szef\u00f3w zwi\u0105zk\u00f3w zawodowych (wyniki<\/p>\n","protected":false},"author":1,"featured_media":0,"comment_status":"closed","ping_status":"closed","sticky":false,"template":"","format":"standard","meta":{"ngg_post_thumbnail":0},"categories":[1],"tags":[],"_links":{"self":[{"href":"https:\/\/public.kantarpolska.com\/archiwumraportow\/wp-json\/wp\/v2\/posts\/1320"}],"collection":[{"href":"https:\/\/public.kantarpolska.com\/archiwumraportow\/wp-json\/wp\/v2\/posts"}],"about":[{"href":"https:\/\/public.kantarpolska.com\/archiwumraportow\/wp-json\/wp\/v2\/types\/post"}],"author":[{"embeddable":true,"href":"https:\/\/public.kantarpolska.com\/archiwumraportow\/wp-json\/wp\/v2\/users\/1"}],"replies":[{"embeddable":true,"href":"https:\/\/public.kantarpolska.com\/archiwumraportow\/wp-json\/wp\/v2\/comments?post=1320"}],"version-history":[{"count":0,"href":"https:\/\/public.kantarpolska.com\/archiwumraportow\/wp-json\/wp\/v2\/posts\/1320\/revisions"}],"wp:attachment":[{"href":"https:\/\/public.kantarpolska.com\/archiwumraportow\/wp-json\/wp\/v2\/media?parent=1320"}],"wp:term":[{"taxonomy":"category","embeddable":true,"href":"https:\/\/public.kantarpolska.com\/archiwumraportow\/wp-json\/wp\/v2\/categories?post=1320"},{"taxonomy":"post_tag","embeddable":true,"href":"https:\/\/public.kantarpolska.com\/archiwumraportow\/wp-json\/wp\/v2\/tags?post=1320"}],"curies":[{"name":"wp","href":"https:\/\/api.w.org\/{rel}","templated":true}]}}