
{"id":1315,"date":"2003-04-07T00:00:00","date_gmt":"2003-04-07T00:00:00","guid":{"rendered":"https:\/\/www.tnsglobal.pl\/archiwumraportow\/2003\/04\/07\/w-miesiac-po-rozpadzie-koalicji\/"},"modified":"2003-04-07T00:00:00","modified_gmt":"2003-04-07T00:00:00","slug":"w-miesiac-po-rozpadzie-koalicji","status":"publish","type":"post","link":"https:\/\/public.kantarpolska.com\/archiwumraportow\/2003\/04\/07\/w-miesiac-po-rozpadzie-koalicji\/","title":{"rendered":"W miesi\u0105c po rozpadzie koalicji"},"content":{"rendered":"<p>Dnia 1 marca 2003 roku Sojusz Lewicy Demokratycznej i Unia Pracy wym\u00f3wi\u0142y wsp\u00f3\u0142rz\u0105dzenie Polskiemu Stronnictwu Ludowemu. Koalicja SLD-UP i PSL rozpad\u0142a si\u0119, a rz\u0105d SLD-UP sta\u0142 si\u0119 rz\u0105dem mniejszo\u015bciowym.<!--more--> Przeprowadzony w dniach 8-10 marca sonda\u017c TNS OBOP pokaza\u0142, co na ten temat my\u015bla\u0142a masowa opinia publiczna w tydzie\u0144 po wydarzeniu (zob. Komunikat &#8222;O rozpadzie koalicji&#8221;). Sonda\u017c zrealizowany w dniach 5-7 kwietnia 2003 roku pokazuje, co Polacy my\u015bleli o rozpadzie koalicji i perspektywach rz\u0105d\u00f3w SLD w miesi\u0105c po tym, jak PSL przesta\u0142 by\u0107 elementem rz\u0105dz\u0105cej koalicji. Komunikat zawiera wyniki tego badania.<\/p>\n<div class=\"infopay\">Raport udost\u0119pniany jest bezp\u0142atnie, w us\u0142udze &#8222;udost\u0119pnij aby pobra\u0107&#8221;.<br \/>\n          <b>Na czym to polega?<\/b> Raport b\u0119dzie dost\u0119pny do pobrania w pdf po udost\u0119pnieniu wpisu z linkiem do Archiwum Raport\u00f3w TNS Polska na wybranym serwisie spo\u0142eczno\u015bciowym: Facebooku lub Twitterze.\n          <\/div>\n","protected":false},"excerpt":{"rendered":"<p>Dnia 1 marca 2003 roku Sojusz Lewicy Demokratycznej i Unia Pracy wym\u00f3wi\u0142y wsp\u00f3\u0142rz\u0105dzenie Polskiemu Stronnictwu Ludowemu. Koalicja SLD-UP i PSL rozpad\u0142a si\u0119, a rz\u0105d SLD-UP sta\u0142 si\u0119 rz\u0105dem mniejszo\u015bciowym.<\/p>\n","protected":false},"author":1,"featured_media":0,"comment_status":"closed","ping_status":"closed","sticky":false,"template":"","format":"standard","meta":{"ngg_post_thumbnail":0},"categories":[1],"tags":[],"_links":{"self":[{"href":"https:\/\/public.kantarpolska.com\/archiwumraportow\/wp-json\/wp\/v2\/posts\/1315"}],"collection":[{"href":"https:\/\/public.kantarpolska.com\/archiwumraportow\/wp-json\/wp\/v2\/posts"}],"about":[{"href":"https:\/\/public.kantarpolska.com\/archiwumraportow\/wp-json\/wp\/v2\/types\/post"}],"author":[{"embeddable":true,"href":"https:\/\/public.kantarpolska.com\/archiwumraportow\/wp-json\/wp\/v2\/users\/1"}],"replies":[{"embeddable":true,"href":"https:\/\/public.kantarpolska.com\/archiwumraportow\/wp-json\/wp\/v2\/comments?post=1315"}],"version-history":[{"count":0,"href":"https:\/\/public.kantarpolska.com\/archiwumraportow\/wp-json\/wp\/v2\/posts\/1315\/revisions"}],"wp:attachment":[{"href":"https:\/\/public.kantarpolska.com\/archiwumraportow\/wp-json\/wp\/v2\/media?parent=1315"}],"wp:term":[{"taxonomy":"category","embeddable":true,"href":"https:\/\/public.kantarpolska.com\/archiwumraportow\/wp-json\/wp\/v2\/categories?post=1315"},{"taxonomy":"post_tag","embeddable":true,"href":"https:\/\/public.kantarpolska.com\/archiwumraportow\/wp-json\/wp\/v2\/tags?post=1315"}],"curies":[{"name":"wp","href":"https:\/\/api.w.org\/{rel}","templated":true}]}}