
{"id":1308,"date":"2003-04-07T00:00:00","date_gmt":"2003-04-07T00:00:00","guid":{"rendered":"https:\/\/www.tnsglobal.pl\/archiwumraportow\/2003\/04\/07\/preferencje-partyjne-polakow-w-kwietniu-2003-r\/"},"modified":"2003-04-07T00:00:00","modified_gmt":"2003-04-07T00:00:00","slug":"preferencje-partyjne-polakow-w-kwietniu-2003-r","status":"publish","type":"post","link":"https:\/\/public.kantarpolska.com\/archiwumraportow\/2003\/04\/07\/preferencje-partyjne-polakow-w-kwietniu-2003-r\/","title":{"rendered":"Preferencje partyjne Polak\u00f3w w kwietniu 2003 r."},"content":{"rendered":"<p>Omawiane w tym opracowaniu wyniki preferencji partyjnych uzyskane zosta\u0142y z badania zrealizowanego w pierwszy weekend kwietnia. W sonda\u017cu tym pytali\u015bmy Polak\u00f3w o gotowo\u015b\u0107 wzi\u0119cia udzia\u0142u w ewentualnych wyborach parlamentarnych,<!--more--> o preferencje partyjne, wybory alternatywne oraz wybory negatywne. W komunikacie zestawione zosta\u0142y wyniki najnowsze z wynikami z bada\u0144 wcze\u015bniejszych. W\u015br\u00f3d wydarze\u0144 poprzedzaj\u0105cych nasze najnowsze badanie, a rozgrywaj\u0105cych si\u0119 ju\u017c po realizacji sonda\u017cu marcowego znalaz\u0142y si\u0119 m.in.: rozpocz\u0119cie wojny w Iraku, a ze spraw krajowych &#8211; spi\u0119cie i p\u00f3\u017aniejsze \u0142agodzenie sytuacji na osi premier &#8211; prezydent, zapowied\u017a przedterminowych wybor\u00f3w parlamentarnych, g\u0142osowania nad wnioskami o odwo\u0142anie ministr\u00f3w Pola i Janika, dymisje ministr\u00f3w zdrowia Marka Balickiego oraz skarbu S\u0142awomira Cytryckiego, a tak\u017ce zlikwidowanie kas chorych i rozpocz\u0119cie dzia\u0142alno\u015bci Narodowego Funduszu Zdrowia. Trwa\u0142y poza tym przes\u0142uchania przed sejmow\u0105 komisj\u0105 \u015bledcz\u0105. Zmiana we w\u0142adzach PO nast\u0105pi\u0142a w p\u00f3\u017aniejszym okresie.<\/p>\n<div class=\"infopay\">Raport udost\u0119pniany jest bezp\u0142atnie, w us\u0142udze &#8222;udost\u0119pnij aby pobra\u0107&#8221;.<br \/>\n          <b>Na czym to polega?<\/b> Raport b\u0119dzie dost\u0119pny do pobrania w pdf po udost\u0119pnieniu wpisu z linkiem do Archiwum Raport\u00f3w TNS Polska na wybranym serwisie spo\u0142eczno\u015bciowym: Facebooku lub Twitterze.\n          <\/div>\n","protected":false},"excerpt":{"rendered":"<p>Omawiane w tym opracowaniu wyniki preferencji partyjnych uzyskane zosta\u0142y z badania zrealizowanego w pierwszy weekend kwietnia. W sonda\u017cu tym pytali\u015bmy Polak\u00f3w o gotowo\u015b\u0107 wzi\u0119cia udzia\u0142u w ewentualnych wyborach parlamentarnych,<\/p>\n","protected":false},"author":1,"featured_media":0,"comment_status":"closed","ping_status":"closed","sticky":false,"template":"","format":"standard","meta":{"ngg_post_thumbnail":0},"categories":[1],"tags":[],"_links":{"self":[{"href":"https:\/\/public.kantarpolska.com\/archiwumraportow\/wp-json\/wp\/v2\/posts\/1308"}],"collection":[{"href":"https:\/\/public.kantarpolska.com\/archiwumraportow\/wp-json\/wp\/v2\/posts"}],"about":[{"href":"https:\/\/public.kantarpolska.com\/archiwumraportow\/wp-json\/wp\/v2\/types\/post"}],"author":[{"embeddable":true,"href":"https:\/\/public.kantarpolska.com\/archiwumraportow\/wp-json\/wp\/v2\/users\/1"}],"replies":[{"embeddable":true,"href":"https:\/\/public.kantarpolska.com\/archiwumraportow\/wp-json\/wp\/v2\/comments?post=1308"}],"version-history":[{"count":0,"href":"https:\/\/public.kantarpolska.com\/archiwumraportow\/wp-json\/wp\/v2\/posts\/1308\/revisions"}],"wp:attachment":[{"href":"https:\/\/public.kantarpolska.com\/archiwumraportow\/wp-json\/wp\/v2\/media?parent=1308"}],"wp:term":[{"taxonomy":"category","embeddable":true,"href":"https:\/\/public.kantarpolska.com\/archiwumraportow\/wp-json\/wp\/v2\/categories?post=1308"},{"taxonomy":"post_tag","embeddable":true,"href":"https:\/\/public.kantarpolska.com\/archiwumraportow\/wp-json\/wp\/v2\/tags?post=1308"}],"curies":[{"name":"wp","href":"https:\/\/api.w.org\/{rel}","templated":true}]}}