
{"id":1304,"date":"2003-03-10T00:00:00","date_gmt":"2003-03-10T00:00:00","guid":{"rendered":"https:\/\/www.tnsglobal.pl\/archiwumraportow\/2003\/03\/10\/o-rozpadzie-koalicji-marzec-2003\/"},"modified":"2003-03-10T00:00:00","modified_gmt":"2003-03-10T00:00:00","slug":"o-rozpadzie-koalicji-marzec-2003","status":"publish","type":"post","link":"https:\/\/public.kantarpolska.com\/archiwumraportow\/2003\/03\/10\/o-rozpadzie-koalicji-marzec-2003\/","title":{"rendered":"O rozpadzie koalicji &#8211; marzec 2003"},"content":{"rendered":"<p>Dnia 1 marca 2003 roku Sojusz Lewicy Demokratycznej i Unia Pracy wym\u00f3wi\u0142y wsp\u00f3\u0142rz\u0105dzenie Polskiemu Stronnictwu Ludowemu. Koalicja SLD-UP i PSL rozpad\u0142a si\u0119, a rz\u0105d SLD-UP sta\u0142 si\u0119 rz\u0105dem<!--more--> mniejszo\u015bciowym. Przez media przetoczy\u0142a si\u0119 fala wypowiedzi na temat rozpadu koalicji i spekulacji dotycz\u0105cych przysz\u0142o\u015bci mniejszo\u015bciowego rz\u0105du SLD-UP. Przeprowadzony w dniach 8-10 marca sonda\u017c OBOP pokazuje, co my\u015bla\u0142a na ten temat masowa opinia publiczna.<\/p>\n<div class=\"infopay\">Raport udost\u0119pniany jest bezp\u0142atnie, w us\u0142udze &#8222;udost\u0119pnij aby pobra\u0107&#8221;.<br \/>\n          <b>Na czym to polega?<\/b> Raport b\u0119dzie dost\u0119pny do pobrania w pdf po udost\u0119pnieniu wpisu z linkiem do Archiwum Raport\u00f3w TNS Polska na wybranym serwisie spo\u0142eczno\u015bciowym: Facebooku lub Twitterze.\n          <\/div>\n","protected":false},"excerpt":{"rendered":"<p>Dnia 1 marca 2003 roku Sojusz Lewicy Demokratycznej i Unia Pracy wym\u00f3wi\u0142y wsp\u00f3\u0142rz\u0105dzenie Polskiemu Stronnictwu Ludowemu. Koalicja SLD-UP i PSL rozpad\u0142a si\u0119, a rz\u0105d SLD-UP sta\u0142 si\u0119 rz\u0105dem<\/p>\n","protected":false},"author":1,"featured_media":0,"comment_status":"closed","ping_status":"closed","sticky":false,"template":"","format":"standard","meta":{"ngg_post_thumbnail":0},"categories":[1],"tags":[],"_links":{"self":[{"href":"https:\/\/public.kantarpolska.com\/archiwumraportow\/wp-json\/wp\/v2\/posts\/1304"}],"collection":[{"href":"https:\/\/public.kantarpolska.com\/archiwumraportow\/wp-json\/wp\/v2\/posts"}],"about":[{"href":"https:\/\/public.kantarpolska.com\/archiwumraportow\/wp-json\/wp\/v2\/types\/post"}],"author":[{"embeddable":true,"href":"https:\/\/public.kantarpolska.com\/archiwumraportow\/wp-json\/wp\/v2\/users\/1"}],"replies":[{"embeddable":true,"href":"https:\/\/public.kantarpolska.com\/archiwumraportow\/wp-json\/wp\/v2\/comments?post=1304"}],"version-history":[{"count":0,"href":"https:\/\/public.kantarpolska.com\/archiwumraportow\/wp-json\/wp\/v2\/posts\/1304\/revisions"}],"wp:attachment":[{"href":"https:\/\/public.kantarpolska.com\/archiwumraportow\/wp-json\/wp\/v2\/media?parent=1304"}],"wp:term":[{"taxonomy":"category","embeddable":true,"href":"https:\/\/public.kantarpolska.com\/archiwumraportow\/wp-json\/wp\/v2\/categories?post=1304"},{"taxonomy":"post_tag","embeddable":true,"href":"https:\/\/public.kantarpolska.com\/archiwumraportow\/wp-json\/wp\/v2\/tags?post=1304"}],"curies":[{"name":"wp","href":"https:\/\/api.w.org\/{rel}","templated":true}]}}