
{"id":1303,"date":"2003-03-10T00:00:00","date_gmt":"2003-03-10T00:00:00","guid":{"rendered":"https:\/\/www.tnsglobal.pl\/archiwumraportow\/2003\/03\/10\/rzad-premier-i-prezydent-w-ocenie-polakow-na-koniec-pierwszego-kwartalu-2003-r\/"},"modified":"2003-03-10T00:00:00","modified_gmt":"2003-03-10T00:00:00","slug":"rzad-premier-i-prezydent-w-ocenie-polakow-na-koniec-pierwszego-kwartalu-2003-r","status":"publish","type":"post","link":"https:\/\/public.kantarpolska.com\/archiwumraportow\/2003\/03\/10\/rzad-premier-i-prezydent-w-ocenie-polakow-na-koniec-pierwszego-kwartalu-2003-r\/","title":{"rendered":"Rz\u0105d, premier i prezydent w ocenie Polak\u00f3w na koniec pierwszego kwarta\u0142u 2003 r."},"content":{"rendered":"<p>W pierwszej po\u0142owie marca TNS OBOP zrealizowa\u0142 badanie sonda\u017cowe, w kt\u00f3rym dokonano pomiaru spo\u0142ecznych ocen trzech instytucji w\u0142adzy: rz\u0105du, premiera i prezydenta. Badanie zrealizowano tydzie\u0144 po rozpadzie dotychczasowej<!--more--> koalicji SLD-UP-PSL. W swoim wyst\u0105pieniu w dniu 1. marca, premier Leszek Miller og\u0142osi\u0142, \u017ce dalsza wsp\u00f3\u0142praca z PSL (zw\u0142aszcza po tym, jak PSL zag\u0142osowa\u0142o przeciwko rz\u0105dowemu projektowi ustawy winietowej) nie jest mo\u017cliwa. W zwi\u0105zku z tym z Rady Ministr\u00f3w odwo\u0142ano wicepremiera i ministra rolnictwa Jaros\u0142awa Kalinowskiego oraz ministra \u015brodowiska Stanis\u0142awa \u017belichowskiego.<\/p>\n<div class=\"infopay\">Raport udost\u0119pniany jest bezp\u0142atnie, w us\u0142udze &#8222;udost\u0119pnij aby pobra\u0107&#8221;.<br \/>\n          <b>Na czym to polega?<\/b> Raport b\u0119dzie dost\u0119pny do pobrania w pdf po udost\u0119pnieniu wpisu z linkiem do Archiwum Raport\u00f3w TNS Polska na wybranym serwisie spo\u0142eczno\u015bciowym: Facebooku lub Twitterze.\n          <\/div>\n","protected":false},"excerpt":{"rendered":"<p>W pierwszej po\u0142owie marca TNS OBOP zrealizowa\u0142 badanie sonda\u017cowe, w kt\u00f3rym dokonano pomiaru spo\u0142ecznych ocen trzech instytucji w\u0142adzy: rz\u0105du, premiera i prezydenta. Badanie zrealizowano tydzie\u0144 po rozpadzie dotychczasowej<\/p>\n","protected":false},"author":1,"featured_media":0,"comment_status":"closed","ping_status":"closed","sticky":false,"template":"","format":"standard","meta":{"ngg_post_thumbnail":0},"categories":[1],"tags":[],"_links":{"self":[{"href":"https:\/\/public.kantarpolska.com\/archiwumraportow\/wp-json\/wp\/v2\/posts\/1303"}],"collection":[{"href":"https:\/\/public.kantarpolska.com\/archiwumraportow\/wp-json\/wp\/v2\/posts"}],"about":[{"href":"https:\/\/public.kantarpolska.com\/archiwumraportow\/wp-json\/wp\/v2\/types\/post"}],"author":[{"embeddable":true,"href":"https:\/\/public.kantarpolska.com\/archiwumraportow\/wp-json\/wp\/v2\/users\/1"}],"replies":[{"embeddable":true,"href":"https:\/\/public.kantarpolska.com\/archiwumraportow\/wp-json\/wp\/v2\/comments?post=1303"}],"version-history":[{"count":0,"href":"https:\/\/public.kantarpolska.com\/archiwumraportow\/wp-json\/wp\/v2\/posts\/1303\/revisions"}],"wp:attachment":[{"href":"https:\/\/public.kantarpolska.com\/archiwumraportow\/wp-json\/wp\/v2\/media?parent=1303"}],"wp:term":[{"taxonomy":"category","embeddable":true,"href":"https:\/\/public.kantarpolska.com\/archiwumraportow\/wp-json\/wp\/v2\/categories?post=1303"},{"taxonomy":"post_tag","embeddable":true,"href":"https:\/\/public.kantarpolska.com\/archiwumraportow\/wp-json\/wp\/v2\/tags?post=1303"}],"curies":[{"name":"wp","href":"https:\/\/api.w.org\/{rel}","templated":true}]}}