
{"id":1301,"date":"2002-10-07T00:00:00","date_gmt":"2002-10-07T00:00:00","guid":{"rendered":"https:\/\/www.tnsglobal.pl\/archiwumraportow\/2002\/10\/07\/preferencje-partyjne-polakow-na-poczatku-pazdziernika-2002-r\/"},"modified":"2002-10-07T00:00:00","modified_gmt":"2002-10-07T00:00:00","slug":"preferencje-partyjne-polakow-na-poczatku-pazdziernika-2002-r","status":"publish","type":"post","link":"https:\/\/public.kantarpolska.com\/archiwumraportow\/2002\/10\/07\/preferencje-partyjne-polakow-na-poczatku-pazdziernika-2002-r\/","title":{"rendered":"Preferencje partyjne Polak\u00f3w na pocz\u0105tku pa\u017adziernika 2002 r."},"content":{"rendered":"<p>Rankingi partii zaprezentowane w tym komunikacie powsta\u0142y na podstawie wypowiedzi pe\u0142noletnich os\u00f3b deklaruj\u0105cych gotowo\u015b\u0107 wzi\u0119cia udzia\u0142u w hipotetycznych wyborach parlamentarnych, kt\u00f3re to osoby mia\u0142y sprecyzowane preferencje (najpierw zapytali\u015bmy<!--more--> respondent\u00f3w, czy wzi\u0119liby udzia\u0142 w wyborach, a osoby odpowiadaj\u0105ce pozytywnie poprosili\u015bmy o odpowied\u017a na pytanie, na jak\u0105 parti\u0119 by g\u0142osowa\u0142y; przy przeliczaniu wynik\u00f3w poparcia dla partii pomini\u0119te zosta\u0142y osoby odpowiadaj\u0105ce &#8222;trudno powiedzie\u0107&#8221;). Spo\u015br\u00f3d dw\u00f3ch wariant\u00f3w list stosowanych w naszych badaniach preferencji jedna uwzgl\u0119dnia &#8211; jak w wyborach w 2001 r. &#8211; wsp\u00f3ln\u0105 koalicj\u0119 SLD-UP, natomiast druga &#8211; ka\u017cde z ugrupowa\u0144 startuj\u0105cych w\u00f3wczas z list tej koalicji z osobna.rnNa podstawie niniejszych danych nie mo\u017cna wnioskowa\u0107 o wynikach wybor\u00f3w samorz\u0105dowych. rnPreferencje partyjne Polak\u00f3w by\u0142y przedmiotem badania zrealizowanego przez OBOP w pierwszy weekend pa\u017adziernika 2002 r.<\/p>\n<div class=\"infopay\">Raport udost\u0119pniany jest bezp\u0142atnie, w us\u0142udze &#8222;udost\u0119pnij aby pobra\u0107&#8221;.<br \/>\n          <b>Na czym to polega?<\/b> Raport b\u0119dzie dost\u0119pny do pobrania w pdf po udost\u0119pnieniu wpisu z linkiem do Archiwum Raport\u00f3w TNS Polska na wybranym serwisie spo\u0142eczno\u015bciowym: Facebooku lub Twitterze.\n          <\/div>\n","protected":false},"excerpt":{"rendered":"<p>Rankingi partii zaprezentowane w tym komunikacie powsta\u0142y na podstawie wypowiedzi pe\u0142noletnich os\u00f3b deklaruj\u0105cych gotowo\u015b\u0107 wzi\u0119cia udzia\u0142u w hipotetycznych wyborach parlamentarnych, kt\u00f3re to osoby mia\u0142y sprecyzowane preferencje (najpierw zapytali\u015bmy<\/p>\n","protected":false},"author":1,"featured_media":0,"comment_status":"closed","ping_status":"closed","sticky":false,"template":"","format":"standard","meta":{"ngg_post_thumbnail":0},"categories":[1],"tags":[],"_links":{"self":[{"href":"https:\/\/public.kantarpolska.com\/archiwumraportow\/wp-json\/wp\/v2\/posts\/1301"}],"collection":[{"href":"https:\/\/public.kantarpolska.com\/archiwumraportow\/wp-json\/wp\/v2\/posts"}],"about":[{"href":"https:\/\/public.kantarpolska.com\/archiwumraportow\/wp-json\/wp\/v2\/types\/post"}],"author":[{"embeddable":true,"href":"https:\/\/public.kantarpolska.com\/archiwumraportow\/wp-json\/wp\/v2\/users\/1"}],"replies":[{"embeddable":true,"href":"https:\/\/public.kantarpolska.com\/archiwumraportow\/wp-json\/wp\/v2\/comments?post=1301"}],"version-history":[{"count":0,"href":"https:\/\/public.kantarpolska.com\/archiwumraportow\/wp-json\/wp\/v2\/posts\/1301\/revisions"}],"wp:attachment":[{"href":"https:\/\/public.kantarpolska.com\/archiwumraportow\/wp-json\/wp\/v2\/media?parent=1301"}],"wp:term":[{"taxonomy":"category","embeddable":true,"href":"https:\/\/public.kantarpolska.com\/archiwumraportow\/wp-json\/wp\/v2\/categories?post=1301"},{"taxonomy":"post_tag","embeddable":true,"href":"https:\/\/public.kantarpolska.com\/archiwumraportow\/wp-json\/wp\/v2\/tags?post=1301"}],"curies":[{"name":"wp","href":"https:\/\/api.w.org\/{rel}","templated":true}]}}