
{"id":1298,"date":"2003-03-10T00:00:00","date_gmt":"2003-03-10T00:00:00","guid":{"rendered":"https:\/\/www.tnsglobal.pl\/archiwumraportow\/2003\/03\/10\/czy-poznamy-prawde-o-sprawie-rywina\/"},"modified":"2003-03-10T00:00:00","modified_gmt":"2003-03-10T00:00:00","slug":"czy-poznamy-prawde-o-sprawie-rywina","status":"publish","type":"post","link":"https:\/\/public.kantarpolska.com\/archiwumraportow\/2003\/03\/10\/czy-poznamy-prawde-o-sprawie-rywina\/","title":{"rendered":"Czy poznamy prawd\u0119 o sprawie Rywina"},"content":{"rendered":"<p>Ujawniona w ko\u0144cu grudnia 2002 roku przez &#8222;Gazet\u0119 Wyborcz\u0105&#8221; &#8222;afera Rywina&#8221; sta\u0142a si\u0119 jedn\u0105 z najwa\u017cniejszych spraw publicznych w Polsce. Prokuratura oraz Sejmowa komisja \u015bledcza prowadz\u0105 dochodzenie<!--more--> w sprawie pr\u00f3by korupcji oraz dzia\u0142ania organ\u00f3w pa\u0144stwowych w tej kwestii. Sonda\u017c przeprowadzony przez OBOP w dniach 8 &#8211; 10 marca, w miesi\u0105c po poprzednim (8-10 lutego) pokazuje, co ludzie my\u015bl\u0105 o szansach na pe\u0142ne wyja\u015bnienie afery.<\/p>\n<div class=\"infopay\">Raport udost\u0119pniany jest bezp\u0142atnie, w us\u0142udze &#8222;udost\u0119pnij aby pobra\u0107&#8221;.<br \/>\n          <b>Na czym to polega?<\/b> Raport b\u0119dzie dost\u0119pny do pobrania w pdf po udost\u0119pnieniu wpisu z linkiem do Archiwum Raport\u00f3w TNS Polska na wybranym serwisie spo\u0142eczno\u015bciowym: Facebooku lub Twitterze.\n          <\/div>\n","protected":false},"excerpt":{"rendered":"<p>Ujawniona w ko\u0144cu grudnia 2002 roku przez &#8222;Gazet\u0119 Wyborcz\u0105&#8221; &#8222;afera Rywina&#8221; sta\u0142a si\u0119 jedn\u0105 z najwa\u017cniejszych spraw publicznych w Polsce. Prokuratura oraz Sejmowa komisja \u015bledcza prowadz\u0105 dochodzenie<\/p>\n","protected":false},"author":1,"featured_media":0,"comment_status":"closed","ping_status":"closed","sticky":false,"template":"","format":"standard","meta":{"ngg_post_thumbnail":0},"categories":[1],"tags":[],"_links":{"self":[{"href":"https:\/\/public.kantarpolska.com\/archiwumraportow\/wp-json\/wp\/v2\/posts\/1298"}],"collection":[{"href":"https:\/\/public.kantarpolska.com\/archiwumraportow\/wp-json\/wp\/v2\/posts"}],"about":[{"href":"https:\/\/public.kantarpolska.com\/archiwumraportow\/wp-json\/wp\/v2\/types\/post"}],"author":[{"embeddable":true,"href":"https:\/\/public.kantarpolska.com\/archiwumraportow\/wp-json\/wp\/v2\/users\/1"}],"replies":[{"embeddable":true,"href":"https:\/\/public.kantarpolska.com\/archiwumraportow\/wp-json\/wp\/v2\/comments?post=1298"}],"version-history":[{"count":0,"href":"https:\/\/public.kantarpolska.com\/archiwumraportow\/wp-json\/wp\/v2\/posts\/1298\/revisions"}],"wp:attachment":[{"href":"https:\/\/public.kantarpolska.com\/archiwumraportow\/wp-json\/wp\/v2\/media?parent=1298"}],"wp:term":[{"taxonomy":"category","embeddable":true,"href":"https:\/\/public.kantarpolska.com\/archiwumraportow\/wp-json\/wp\/v2\/categories?post=1298"},{"taxonomy":"post_tag","embeddable":true,"href":"https:\/\/public.kantarpolska.com\/archiwumraportow\/wp-json\/wp\/v2\/tags?post=1298"}],"curies":[{"name":"wp","href":"https:\/\/api.w.org\/{rel}","templated":true}]}}