
{"id":1296,"date":"2003-03-10T00:00:00","date_gmt":"2003-03-10T00:00:00","guid":{"rendered":"https:\/\/www.tnsglobal.pl\/archiwumraportow\/2003\/03\/10\/polacy-o-czlonkostwie-w-unii-europejskiej-w-pierwszej-polowie-marca-2003-r\/"},"modified":"2003-03-10T00:00:00","modified_gmt":"2003-03-10T00:00:00","slug":"polacy-o-czlonkostwie-w-unii-europejskiej-w-pierwszej-polowie-marca-2003-r","status":"publish","type":"post","link":"https:\/\/public.kantarpolska.com\/archiwumraportow\/2003\/03\/10\/polacy-o-czlonkostwie-w-unii-europejskiej-w-pierwszej-polowie-marca-2003-r\/","title":{"rendered":"Polacy o cz\u0142onkostwie w Unii Europejskiej w pierwszej po\u0142owie marca 2003 r."},"content":{"rendered":"<p>Komunikat ten przedstawia wyniki cyklicznego sonda\u017cu Euro-Track, zrealizowanego przez TNS OBOP w dniach 8-10 marca br. Sonda\u017c zrealizowano ju\u017c po kontrowersyjnej wypowiedzi prezydenta Francji J. Chiraca o poparciu<!--more--> kraj\u00f3w kandyduj\u0105cych do Unii dla ameryka\u0144skiego stanowiska w sprawie Iraku oraz w tydzie\u0144 po rozpadzie koalicji rz\u0105dz\u0105cej SLD-UP i PSL.<\/p>\n<div class=\"infopay\">Raport udost\u0119pniany jest bezp\u0142atnie, w us\u0142udze &#8222;udost\u0119pnij aby pobra\u0107&#8221;.<br \/>\n          <b>Na czym to polega?<\/b> Raport b\u0119dzie dost\u0119pny do pobrania w pdf po udost\u0119pnieniu wpisu z linkiem do Archiwum Raport\u00f3w TNS Polska na wybranym serwisie spo\u0142eczno\u015bciowym: Facebooku lub Twitterze.\n          <\/div>\n","protected":false},"excerpt":{"rendered":"<p>Komunikat ten przedstawia wyniki cyklicznego sonda\u017cu Euro-Track, zrealizowanego przez TNS OBOP w dniach 8-10 marca br. Sonda\u017c zrealizowano ju\u017c po kontrowersyjnej wypowiedzi prezydenta Francji J. Chiraca o poparciu<\/p>\n","protected":false},"author":1,"featured_media":0,"comment_status":"closed","ping_status":"closed","sticky":false,"template":"","format":"standard","meta":{"ngg_post_thumbnail":0},"categories":[1],"tags":[],"_links":{"self":[{"href":"https:\/\/public.kantarpolska.com\/archiwumraportow\/wp-json\/wp\/v2\/posts\/1296"}],"collection":[{"href":"https:\/\/public.kantarpolska.com\/archiwumraportow\/wp-json\/wp\/v2\/posts"}],"about":[{"href":"https:\/\/public.kantarpolska.com\/archiwumraportow\/wp-json\/wp\/v2\/types\/post"}],"author":[{"embeddable":true,"href":"https:\/\/public.kantarpolska.com\/archiwumraportow\/wp-json\/wp\/v2\/users\/1"}],"replies":[{"embeddable":true,"href":"https:\/\/public.kantarpolska.com\/archiwumraportow\/wp-json\/wp\/v2\/comments?post=1296"}],"version-history":[{"count":0,"href":"https:\/\/public.kantarpolska.com\/archiwumraportow\/wp-json\/wp\/v2\/posts\/1296\/revisions"}],"wp:attachment":[{"href":"https:\/\/public.kantarpolska.com\/archiwumraportow\/wp-json\/wp\/v2\/media?parent=1296"}],"wp:term":[{"taxonomy":"category","embeddable":true,"href":"https:\/\/public.kantarpolska.com\/archiwumraportow\/wp-json\/wp\/v2\/categories?post=1296"},{"taxonomy":"post_tag","embeddable":true,"href":"https:\/\/public.kantarpolska.com\/archiwumraportow\/wp-json\/wp\/v2\/tags?post=1296"}],"curies":[{"name":"wp","href":"https:\/\/api.w.org\/{rel}","templated":true}]}}