
{"id":1295,"date":"2003-03-10T00:00:00","date_gmt":"2003-03-10T00:00:00","guid":{"rendered":"https:\/\/www.tnsglobal.pl\/archiwumraportow\/2003\/03\/10\/polacy-wobec-uderzenia-na-irak\/"},"modified":"2003-03-10T00:00:00","modified_gmt":"2003-03-10T00:00:00","slug":"polacy-wobec-uderzenia-na-irak","status":"publish","type":"post","link":"https:\/\/public.kantarpolska.com\/archiwumraportow\/2003\/03\/10\/polacy-wobec-uderzenia-na-irak\/","title":{"rendered":"Polacy wobec uderzenia na Irak"},"content":{"rendered":"<p>Decyzja o ataku Ameryki (i jej sojusznik\u00f3w) na Irak pozostawa\u0142a kontrowersyjn\u0105 kwesti\u0105 polityczn\u0105 tak\u017ce w Polsce. Podzieli\u0142a ona Ameryk\u0119 i &#8222;stare&#8221; kraje Unii Europejskiej, a wi\u0119c postawi\u0142a<!--more--> Polsk\u0119 w trudnej sytuacji wyboru. Sonda\u017c OBOP, przeprowadzony na pocz\u0105tku stycznia 2003 roku pokaza\u0142, \u017ce w sprawie udzia\u0142u Polski w tej wojnie podzielone jest te\u017c polskie spo\u0142ecze\u0144stwo. Sonda\u017c OBOP, powt\u00f3rzony po dwu miesi\u0105cach od tamtego badania, w dniach 8-10 marca 2003 r. pokazuje, jak zmieni\u0142o si\u0119 stanowisko masowej opinii publicznej w kwestii udzia\u0142u Polski w wojnie w Iraku, w przededniu rozpocz\u0119cia dzia\u0142a\u0144 wojennych.<\/p>\n<div class=\"infopay\">Raport udost\u0119pniany jest bezp\u0142atnie, w us\u0142udze &#8222;udost\u0119pnij aby pobra\u0107&#8221;.<br \/>\n          <b>Na czym to polega?<\/b> Raport b\u0119dzie dost\u0119pny do pobrania w pdf po udost\u0119pnieniu wpisu z linkiem do Archiwum Raport\u00f3w TNS Polska na wybranym serwisie spo\u0142eczno\u015bciowym: Facebooku lub Twitterze.\n          <\/div>\n","protected":false},"excerpt":{"rendered":"<p>Decyzja o ataku Ameryki (i jej sojusznik\u00f3w) na Irak pozostawa\u0142a kontrowersyjn\u0105 kwesti\u0105 polityczn\u0105 tak\u017ce w Polsce. Podzieli\u0142a ona Ameryk\u0119 i &#8222;stare&#8221; kraje Unii Europejskiej, a wi\u0119c postawi\u0142a<\/p>\n","protected":false},"author":1,"featured_media":0,"comment_status":"closed","ping_status":"closed","sticky":false,"template":"","format":"standard","meta":{"ngg_post_thumbnail":0},"categories":[1],"tags":[],"_links":{"self":[{"href":"https:\/\/public.kantarpolska.com\/archiwumraportow\/wp-json\/wp\/v2\/posts\/1295"}],"collection":[{"href":"https:\/\/public.kantarpolska.com\/archiwumraportow\/wp-json\/wp\/v2\/posts"}],"about":[{"href":"https:\/\/public.kantarpolska.com\/archiwumraportow\/wp-json\/wp\/v2\/types\/post"}],"author":[{"embeddable":true,"href":"https:\/\/public.kantarpolska.com\/archiwumraportow\/wp-json\/wp\/v2\/users\/1"}],"replies":[{"embeddable":true,"href":"https:\/\/public.kantarpolska.com\/archiwumraportow\/wp-json\/wp\/v2\/comments?post=1295"}],"version-history":[{"count":0,"href":"https:\/\/public.kantarpolska.com\/archiwumraportow\/wp-json\/wp\/v2\/posts\/1295\/revisions"}],"wp:attachment":[{"href":"https:\/\/public.kantarpolska.com\/archiwumraportow\/wp-json\/wp\/v2\/media?parent=1295"}],"wp:term":[{"taxonomy":"category","embeddable":true,"href":"https:\/\/public.kantarpolska.com\/archiwumraportow\/wp-json\/wp\/v2\/categories?post=1295"},{"taxonomy":"post_tag","embeddable":true,"href":"https:\/\/public.kantarpolska.com\/archiwumraportow\/wp-json\/wp\/v2\/tags?post=1295"}],"curies":[{"name":"wp","href":"https:\/\/api.w.org\/{rel}","templated":true}]}}