
{"id":1293,"date":"2003-02-10T00:00:00","date_gmt":"2003-02-10T00:00:00","guid":{"rendered":"https:\/\/www.tnsglobal.pl\/archiwumraportow\/2003\/02\/10\/sytuacja-materialna-polakow-jaka-jest-jaka-bedzie\/"},"modified":"2003-02-10T00:00:00","modified_gmt":"2003-02-10T00:00:00","slug":"sytuacja-materialna-polakow-jaka-jest-jaka-bedzie","status":"publish","type":"post","link":"https:\/\/public.kantarpolska.com\/archiwumraportow\/2003\/02\/10\/sytuacja-materialna-polakow-jaka-jest-jaka-bedzie\/","title":{"rendered":"Sytuacja materialna Polak\u00f3w &#8211; jaka jest, jaka b\u0119dzie?"},"content":{"rendered":"<p>Sytuacja materialna Polak\u00f3w &#8211; aktualna oraz prognozowana by\u0142a przedmiotem naszego badania zrealizowanego w lutym. Dla zdiagnozowania aktualnej sytuacji ludzi wykorzystali\u015bmy zar\u00f3wno kontekst obiektywny jak i subiektywny przy okre\u015blaniu warunk\u00f3w<!--more--> bytowych: zapytali\u015bmy Polak\u00f3w jak oceniaj\u0105 kondycj\u0119 materialn\u0105 rodziny (czy jest ona dobra, z\u0142a) oraz jak rozdysponowywany jest bud\u017cet gospodarstwa domowego (wystarcza na regulowanie bie\u017c\u0105cych \u015bwiadcze\u0144, wystarcza na ekstra wydatki czy te\u017c wyst\u0119puj\u0105 problemy z regulowaniem podstawowych op\u0142at). Przedmiotem naszego zainteresowania by\u0142y r\u00f3wnie\u017c oczekiwania zmiany sytuacji materialnej rodziny w okresie najbli\u017cszych dwunastu miesi\u0119cy.<\/p>\n<div class=\"infopay\">Raport udost\u0119pniany jest bezp\u0142atnie, w us\u0142udze &#8222;udost\u0119pnij aby pobra\u0107&#8221;.<br \/>\n          <b>Na czym to polega?<\/b> Raport b\u0119dzie dost\u0119pny do pobrania w pdf po udost\u0119pnieniu wpisu z linkiem do Archiwum Raport\u00f3w TNS Polska na wybranym serwisie spo\u0142eczno\u015bciowym: Facebooku lub Twitterze.\n          <\/div>\n","protected":false},"excerpt":{"rendered":"<p>Sytuacja materialna Polak\u00f3w &#8211; aktualna oraz prognozowana by\u0142a przedmiotem naszego badania zrealizowanego w lutym. Dla zdiagnozowania aktualnej sytuacji ludzi wykorzystali\u015bmy zar\u00f3wno kontekst obiektywny jak i subiektywny przy okre\u015blaniu warunk\u00f3w<\/p>\n","protected":false},"author":1,"featured_media":0,"comment_status":"closed","ping_status":"closed","sticky":false,"template":"","format":"standard","meta":{"ngg_post_thumbnail":0},"categories":[1],"tags":[],"_links":{"self":[{"href":"https:\/\/public.kantarpolska.com\/archiwumraportow\/wp-json\/wp\/v2\/posts\/1293"}],"collection":[{"href":"https:\/\/public.kantarpolska.com\/archiwumraportow\/wp-json\/wp\/v2\/posts"}],"about":[{"href":"https:\/\/public.kantarpolska.com\/archiwumraportow\/wp-json\/wp\/v2\/types\/post"}],"author":[{"embeddable":true,"href":"https:\/\/public.kantarpolska.com\/archiwumraportow\/wp-json\/wp\/v2\/users\/1"}],"replies":[{"embeddable":true,"href":"https:\/\/public.kantarpolska.com\/archiwumraportow\/wp-json\/wp\/v2\/comments?post=1293"}],"version-history":[{"count":0,"href":"https:\/\/public.kantarpolska.com\/archiwumraportow\/wp-json\/wp\/v2\/posts\/1293\/revisions"}],"wp:attachment":[{"href":"https:\/\/public.kantarpolska.com\/archiwumraportow\/wp-json\/wp\/v2\/media?parent=1293"}],"wp:term":[{"taxonomy":"category","embeddable":true,"href":"https:\/\/public.kantarpolska.com\/archiwumraportow\/wp-json\/wp\/v2\/categories?post=1293"},{"taxonomy":"post_tag","embeddable":true,"href":"https:\/\/public.kantarpolska.com\/archiwumraportow\/wp-json\/wp\/v2\/tags?post=1293"}],"curies":[{"name":"wp","href":"https:\/\/api.w.org\/{rel}","templated":true}]}}