
{"id":1291,"date":"2003-02-10T00:00:00","date_gmt":"2003-02-10T00:00:00","guid":{"rendered":"https:\/\/www.tnsglobal.pl\/archiwumraportow\/2003\/02\/10\/elektoraty-rezerwowe-i-elektoraty-negatywne-partii-politycznych-w-lutym-2003-r\/"},"modified":"2003-02-10T00:00:00","modified_gmt":"2003-02-10T00:00:00","slug":"elektoraty-rezerwowe-i-elektoraty-negatywne-partii-politycznych-w-lutym-2003-r","status":"publish","type":"post","link":"https:\/\/public.kantarpolska.com\/archiwumraportow\/2003\/02\/10\/elektoraty-rezerwowe-i-elektoraty-negatywne-partii-politycznych-w-lutym-2003-r\/","title":{"rendered":"Elektoraty rezerwowe i elektoraty negatywne partii politycznych w lutym 2003 r."},"content":{"rendered":"<p>W komunikacie pt. &#8222;Preferencje partyjne Polak\u00f3w w lutym 2003 r.&#8221; przedstawiali\u015bmy wyniki dotycz\u0105ce zainteresowania Polak\u00f3w udzia\u0142em w ewentualnych wyborach do Sejmu oraz uzyskane w\u015br\u00f3d os\u00f3b o sprecyzowanych preferencjach<!--more--> rezultaty poparcia dla partii politycznych. Niniejszy komunikat koncentruje si\u0119 na elektoratach rezerwowych oraz elektoratach negatywnych; odpowiada na pytanie, kt\u00f3re partie s\u0105 przez wyborc\u00f3w najcz\u0119\u015bciej rozpatrywane, jako te, na kt\u00f3re g\u0142osowaliby w drugiej kolejno\u015bci, a udzielenia poparcia kt\u00f3rym wykluczaj\u0105. Otrzymane wyniki m\u00f3wi\u0105 ponadto o stosunku poszczeg\u00f3lnych elektorat\u00f3w partyjnych do konkurencyjnych ugrupowa\u0144 politycznych.rnSonda\u017c realizowany by\u0142 jeszcze przed rozpadem koalicji SLD-UP-PSL; w czasie, gdy sejmowa komisja \u015bledcza dopiero rozpoczyna\u0142a przes\u0142uchania \u015bwiadk\u00f3w w tzw. &#8222;sprawie Rywina&#8221;.<\/p>\n<div class=\"infopay\">Raport udost\u0119pniany jest bezp\u0142atnie, w us\u0142udze &#8222;udost\u0119pnij aby pobra\u0107&#8221;.<br \/>\n          <b>Na czym to polega?<\/b> Raport b\u0119dzie dost\u0119pny do pobrania w pdf po udost\u0119pnieniu wpisu z linkiem do Archiwum Raport\u00f3w TNS Polska na wybranym serwisie spo\u0142eczno\u015bciowym: Facebooku lub Twitterze.\n          <\/div>\n","protected":false},"excerpt":{"rendered":"<p>W komunikacie pt. &#8222;Preferencje partyjne Polak\u00f3w w lutym 2003 r.&#8221; przedstawiali\u015bmy wyniki dotycz\u0105ce zainteresowania Polak\u00f3w udzia\u0142em w ewentualnych wyborach do Sejmu oraz uzyskane w\u015br\u00f3d os\u00f3b o sprecyzowanych preferencjach<\/p>\n","protected":false},"author":1,"featured_media":0,"comment_status":"closed","ping_status":"closed","sticky":false,"template":"","format":"standard","meta":{"ngg_post_thumbnail":0},"categories":[1],"tags":[],"_links":{"self":[{"href":"https:\/\/public.kantarpolska.com\/archiwumraportow\/wp-json\/wp\/v2\/posts\/1291"}],"collection":[{"href":"https:\/\/public.kantarpolska.com\/archiwumraportow\/wp-json\/wp\/v2\/posts"}],"about":[{"href":"https:\/\/public.kantarpolska.com\/archiwumraportow\/wp-json\/wp\/v2\/types\/post"}],"author":[{"embeddable":true,"href":"https:\/\/public.kantarpolska.com\/archiwumraportow\/wp-json\/wp\/v2\/users\/1"}],"replies":[{"embeddable":true,"href":"https:\/\/public.kantarpolska.com\/archiwumraportow\/wp-json\/wp\/v2\/comments?post=1291"}],"version-history":[{"count":0,"href":"https:\/\/public.kantarpolska.com\/archiwumraportow\/wp-json\/wp\/v2\/posts\/1291\/revisions"}],"wp:attachment":[{"href":"https:\/\/public.kantarpolska.com\/archiwumraportow\/wp-json\/wp\/v2\/media?parent=1291"}],"wp:term":[{"taxonomy":"category","embeddable":true,"href":"https:\/\/public.kantarpolska.com\/archiwumraportow\/wp-json\/wp\/v2\/categories?post=1291"},{"taxonomy":"post_tag","embeddable":true,"href":"https:\/\/public.kantarpolska.com\/archiwumraportow\/wp-json\/wp\/v2\/tags?post=1291"}],"curies":[{"name":"wp","href":"https:\/\/api.w.org\/{rel}","templated":true}]}}