
{"id":1290,"date":"2003-02-10T00:00:00","date_gmt":"2003-02-10T00:00:00","guid":{"rendered":"https:\/\/www.tnsglobal.pl\/archiwumraportow\/2003\/02\/10\/polacy-o-czlonkostwie-w-unii-europejskiej-w-pierwszej-polowie-lutego-2003-r\/"},"modified":"2003-02-10T00:00:00","modified_gmt":"2003-02-10T00:00:00","slug":"polacy-o-czlonkostwie-w-unii-europejskiej-w-pierwszej-polowie-lutego-2003-r","status":"publish","type":"post","link":"https:\/\/public.kantarpolska.com\/archiwumraportow\/2003\/02\/10\/polacy-o-czlonkostwie-w-unii-europejskiej-w-pierwszej-polowie-lutego-2003-r\/","title":{"rendered":"Polacy o cz\u0142onkostwie w Unii Europejskiej w pierwszej po\u0142owie lutego 2003 r."},"content":{"rendered":"<p>Komunikat przedstawia wyniki cyklicznego sonda\u017cu Euro-Track, mierz\u0105cego zamiar g\u0142osowania w referendum akcesyjnym, poparcie dla wej\u015bcia do UE oraz poczucie poinformowania o cz\u0142onkostwie. Badanie zrealizowane zosta\u0142o przez<!--more--> TNS OBOP w pierwszych dniach lutego, tu\u017c po uzgodnieniu z Bruksel\u0105 ostatnich szczeg\u00f3\u0142\u00f3w zwi\u0105zanych z dop\u0142atami dla rolnik\u00f3w i spisaniu projektu traktatu o wej\u015bciu Polski i innych kraj\u00f3w do UE oraz jego przyj\u0119ciu przez Uni\u0119 do oficjalnej procedury konsultacji i ratyfikacji. Sonda\u017c realizowano natomiast jeszcze przed kontrowersyjn\u0105 wypowiedzi\u0105 J. Chiraca o poparciu kraj\u00f3w kandyduj\u0105cych do Unii dla ameryka\u0144skiego stanowiska w sprawie Iraku.<\/p>\n<div class=\"infopay\">Raport udost\u0119pniany jest bezp\u0142atnie, w us\u0142udze &#8222;udost\u0119pnij aby pobra\u0107&#8221;.<br \/>\n          <b>Na czym to polega?<\/b> Raport b\u0119dzie dost\u0119pny do pobrania w pdf po udost\u0119pnieniu wpisu z linkiem do Archiwum Raport\u00f3w TNS Polska na wybranym serwisie spo\u0142eczno\u015bciowym: Facebooku lub Twitterze.\n          <\/div>\n","protected":false},"excerpt":{"rendered":"<p>Komunikat przedstawia wyniki cyklicznego sonda\u017cu Euro-Track, mierz\u0105cego zamiar g\u0142osowania w referendum akcesyjnym, poparcie dla wej\u015bcia do UE oraz poczucie poinformowania o cz\u0142onkostwie. Badanie zrealizowane zosta\u0142o przez<\/p>\n","protected":false},"author":1,"featured_media":0,"comment_status":"closed","ping_status":"closed","sticky":false,"template":"","format":"standard","meta":{"ngg_post_thumbnail":0},"categories":[1],"tags":[],"_links":{"self":[{"href":"https:\/\/public.kantarpolska.com\/archiwumraportow\/wp-json\/wp\/v2\/posts\/1290"}],"collection":[{"href":"https:\/\/public.kantarpolska.com\/archiwumraportow\/wp-json\/wp\/v2\/posts"}],"about":[{"href":"https:\/\/public.kantarpolska.com\/archiwumraportow\/wp-json\/wp\/v2\/types\/post"}],"author":[{"embeddable":true,"href":"https:\/\/public.kantarpolska.com\/archiwumraportow\/wp-json\/wp\/v2\/users\/1"}],"replies":[{"embeddable":true,"href":"https:\/\/public.kantarpolska.com\/archiwumraportow\/wp-json\/wp\/v2\/comments?post=1290"}],"version-history":[{"count":0,"href":"https:\/\/public.kantarpolska.com\/archiwumraportow\/wp-json\/wp\/v2\/posts\/1290\/revisions"}],"wp:attachment":[{"href":"https:\/\/public.kantarpolska.com\/archiwumraportow\/wp-json\/wp\/v2\/media?parent=1290"}],"wp:term":[{"taxonomy":"category","embeddable":true,"href":"https:\/\/public.kantarpolska.com\/archiwumraportow\/wp-json\/wp\/v2\/categories?post=1290"},{"taxonomy":"post_tag","embeddable":true,"href":"https:\/\/public.kantarpolska.com\/archiwumraportow\/wp-json\/wp\/v2\/tags?post=1290"}],"curies":[{"name":"wp","href":"https:\/\/api.w.org\/{rel}","templated":true}]}}