
{"id":1284,"date":"2003-02-10T00:00:00","date_gmt":"2003-02-10T00:00:00","guid":{"rendered":"https:\/\/www.tnsglobal.pl\/archiwumraportow\/2003\/02\/10\/afera-rywina\/"},"modified":"2003-02-10T00:00:00","modified_gmt":"2003-02-10T00:00:00","slug":"afera-rywina","status":"publish","type":"post","link":"https:\/\/public.kantarpolska.com\/archiwumraportow\/2003\/02\/10\/afera-rywina\/","title":{"rendered":"Afera Rywina"},"content":{"rendered":"<p>27 grudnia 2002 roku &#8222;Gazeta Wyborcza&#8221; ujawni\u0142a, \u017ce p\u00f3\u0142 roku wcze\u015bniej Lew Rywin zaproponowa\u0142 Adamowi Michnikowi, \u017ce za wielk\u0105 \u0142ap\u00f3wk\u0119 &#8222;za\u0142atwi&#8221; korzystny dla &#8222;Gazety&#8221; i sp\u00f3\u0142ki &#8222;Agora&#8221;<!--more--> zapis w nowelizowanej ustawie o radiofonii i telewizji, a  powo\u0142ywa\u0142 si\u0119 przy tym na &#8222;grup\u0119 trzymaj\u0105c\u0105 w\u0142adz\u0119&#8221; i na samego premiera Leszka Millera. Od tego czasu &#8222;afera Rywina&#8221; jest jedn\u0105 z najwa\u017cniejszych spraw publicznych w Polsce. Dyskusja w mediach skupi\u0142a si\u0119 nie tylko na propozycji Rywina, ale tak\u017ce na &#8222;Gazecie&#8221; &#8211; zarzuca si\u0119 jej, \u017ce nie zawiadomi\u0142a od razu prokuratury i docieka si\u0119 motyw\u00f3w tego milczenia. Prokuratura oraz specjalna sejmowa komisja \u015bledcza prowadz\u0105 dochodzenie w sprawie pr\u00f3by korupcji oraz dzia\u0142ania organ\u00f3w pa\u0144stwowych w tej sprawie. Sonda\u017c przeprowadzony przez TNS OBOP w dniach 8 &#8211; 9. lutego 2003 roku, pokazuje jak wa\u017cna jest to w Polsce sprawa i co ludzie my\u015bl\u0105 o szansach na jej pe\u0142ne wyja\u015bnienie.<\/p>\n<div class=\"infopay\">Raport udost\u0119pniany jest bezp\u0142atnie, w us\u0142udze &#8222;udost\u0119pnij aby pobra\u0107&#8221;.<br \/>\n          <b>Na czym to polega?<\/b> Raport b\u0119dzie dost\u0119pny do pobrania w pdf po udost\u0119pnieniu wpisu z linkiem do Archiwum Raport\u00f3w TNS Polska na wybranym serwisie spo\u0142eczno\u015bciowym: Facebooku lub Twitterze.\n          <\/div>\n","protected":false},"excerpt":{"rendered":"<p>27 grudnia 2002 roku &#8222;Gazeta Wyborcza&#8221; ujawni\u0142a, \u017ce p\u00f3\u0142 roku wcze\u015bniej Lew Rywin zaproponowa\u0142 Adamowi Michnikowi, \u017ce za wielk\u0105 \u0142ap\u00f3wk\u0119 &#8222;za\u0142atwi&#8221; korzystny dla &#8222;Gazety&#8221; i sp\u00f3\u0142ki &#8222;Agora&#8221;<\/p>\n","protected":false},"author":1,"featured_media":0,"comment_status":"closed","ping_status":"closed","sticky":false,"template":"","format":"standard","meta":{"ngg_post_thumbnail":0},"categories":[1],"tags":[],"_links":{"self":[{"href":"https:\/\/public.kantarpolska.com\/archiwumraportow\/wp-json\/wp\/v2\/posts\/1284"}],"collection":[{"href":"https:\/\/public.kantarpolska.com\/archiwumraportow\/wp-json\/wp\/v2\/posts"}],"about":[{"href":"https:\/\/public.kantarpolska.com\/archiwumraportow\/wp-json\/wp\/v2\/types\/post"}],"author":[{"embeddable":true,"href":"https:\/\/public.kantarpolska.com\/archiwumraportow\/wp-json\/wp\/v2\/users\/1"}],"replies":[{"embeddable":true,"href":"https:\/\/public.kantarpolska.com\/archiwumraportow\/wp-json\/wp\/v2\/comments?post=1284"}],"version-history":[{"count":1,"href":"https:\/\/public.kantarpolska.com\/archiwumraportow\/wp-json\/wp\/v2\/posts\/1284\/revisions"}],"predecessor-version":[{"id":5720,"href":"https:\/\/public.kantarpolska.com\/archiwumraportow\/wp-json\/wp\/v2\/posts\/1284\/revisions\/5720"}],"wp:attachment":[{"href":"https:\/\/public.kantarpolska.com\/archiwumraportow\/wp-json\/wp\/v2\/media?parent=1284"}],"wp:term":[{"taxonomy":"category","embeddable":true,"href":"https:\/\/public.kantarpolska.com\/archiwumraportow\/wp-json\/wp\/v2\/categories?post=1284"},{"taxonomy":"post_tag","embeddable":true,"href":"https:\/\/public.kantarpolska.com\/archiwumraportow\/wp-json\/wp\/v2\/tags?post=1284"}],"curies":[{"name":"wp","href":"https:\/\/api.w.org\/{rel}","templated":true}]}}