
{"id":1278,"date":"2003-01-13T00:00:00","date_gmt":"2003-01-13T00:00:00","guid":{"rendered":"https:\/\/www.tnsglobal.pl\/archiwumraportow\/2003\/01\/13\/polacy-o-przystapieniu-do-unii-europejskiej-przed-i-po-szczycie-w-kopenhadze\/"},"modified":"2003-01-13T00:00:00","modified_gmt":"2003-01-13T00:00:00","slug":"polacy-o-przystapieniu-do-unii-europejskiej-przed-i-po-szczycie-w-kopenhadze","status":"publish","type":"post","link":"https:\/\/public.kantarpolska.com\/archiwumraportow\/2003\/01\/13\/polacy-o-przystapieniu-do-unii-europejskiej-przed-i-po-szczycie-w-kopenhadze\/","title":{"rendered":"Polacy o przyst\u0105pieniu do Unii Europejskiej przed i po szczycie w Kopenhadze"},"content":{"rendered":"<p>Na tydzie\u0144 przed szczytem Unii Europejskiej w Kopenhadze, w dniach 7-9 grudnia 2002 roku, OBOP przeprowadzi\u0142 badanie nad stosunkiem Polak\u00f3w do przyst\u0105pienia Polski do Unii. W Kopenhadze Polska pomy\u015blnie<!--more--> zako\u0144czy\u0142a negocjacje i zosta\u0142a zaproszona do Unii z dniem 1 maja 2004 roku &#8211; po pozytywnym wyniku referendum akcesyjnego. 11-13 stycznia 2003 roku, mniej wi\u0119cej miesi\u0105c po tamtym badaniu i po szczycie w Kopenhadze, OBOP powt\u00f3rzy\u0142 &#8211; z koniecznymi zmianami &#8211; badanie grudniowe. Powsta\u0142a mo\u017cliwo\u015b\u0107 zmierzenia wp\u0142ywu szczytu kopenhaskiego na niekt\u00f3re postawy wobec wej\u015bcia Polski do UE. Raport pokazuje ten wp\u0142yw.<\/p>\n<div class=\"infopay\">Raport udost\u0119pniany jest bezp\u0142atnie, w us\u0142udze &#8222;udost\u0119pnij aby pobra\u0107&#8221;.<br \/>\n          <b>Na czym to polega?<\/b> Raport b\u0119dzie dost\u0119pny do pobrania w pdf po udost\u0119pnieniu wpisu z linkiem do Archiwum Raport\u00f3w TNS Polska na wybranym serwisie spo\u0142eczno\u015bciowym: Facebooku lub Twitterze.\n          <\/div>\n","protected":false},"excerpt":{"rendered":"<p>Na tydzie\u0144 przed szczytem Unii Europejskiej w Kopenhadze, w dniach 7-9 grudnia 2002 roku, OBOP przeprowadzi\u0142 badanie nad stosunkiem Polak\u00f3w do przyst\u0105pienia Polski do Unii. W Kopenhadze Polska pomy\u015blnie<\/p>\n","protected":false},"author":1,"featured_media":0,"comment_status":"closed","ping_status":"closed","sticky":false,"template":"","format":"standard","meta":{"ngg_post_thumbnail":0},"categories":[1],"tags":[],"_links":{"self":[{"href":"https:\/\/public.kantarpolska.com\/archiwumraportow\/wp-json\/wp\/v2\/posts\/1278"}],"collection":[{"href":"https:\/\/public.kantarpolska.com\/archiwumraportow\/wp-json\/wp\/v2\/posts"}],"about":[{"href":"https:\/\/public.kantarpolska.com\/archiwumraportow\/wp-json\/wp\/v2\/types\/post"}],"author":[{"embeddable":true,"href":"https:\/\/public.kantarpolska.com\/archiwumraportow\/wp-json\/wp\/v2\/users\/1"}],"replies":[{"embeddable":true,"href":"https:\/\/public.kantarpolska.com\/archiwumraportow\/wp-json\/wp\/v2\/comments?post=1278"}],"version-history":[{"count":0,"href":"https:\/\/public.kantarpolska.com\/archiwumraportow\/wp-json\/wp\/v2\/posts\/1278\/revisions"}],"wp:attachment":[{"href":"https:\/\/public.kantarpolska.com\/archiwumraportow\/wp-json\/wp\/v2\/media?parent=1278"}],"wp:term":[{"taxonomy":"category","embeddable":true,"href":"https:\/\/public.kantarpolska.com\/archiwumraportow\/wp-json\/wp\/v2\/categories?post=1278"},{"taxonomy":"post_tag","embeddable":true,"href":"https:\/\/public.kantarpolska.com\/archiwumraportow\/wp-json\/wp\/v2\/tags?post=1278"}],"curies":[{"name":"wp","href":"https:\/\/api.w.org\/{rel}","templated":true}]}}