
{"id":1270,"date":"2003-01-13T00:00:00","date_gmt":"2003-01-13T00:00:00","guid":{"rendered":"https:\/\/www.tnsglobal.pl\/archiwumraportow\/2003\/01\/13\/polskie-poparcie-dla-ataku-ameryki-na-irak\/"},"modified":"2003-01-13T00:00:00","modified_gmt":"2003-01-13T00:00:00","slug":"polskie-poparcie-dla-ataku-ameryki-na-irak","status":"publish","type":"post","link":"https:\/\/public.kantarpolska.com\/archiwumraportow\/2003\/01\/13\/polskie-poparcie-dla-ataku-ameryki-na-irak\/","title":{"rendered":"Polskie poparcie dla ataku Ameryki na Irak"},"content":{"rendered":"<p>Atak Ameryki na Irak jest coraz bli\u017cszy. Wojny s\u0105 narz\u0119dziami polityki, wi\u0119c i ta wojna jest spraw\u0105 polityczn\u0105 &#8211; tak\u017ce w Polsce. Dzieli ona Ameryk\u0119 i<!--more--> wa\u017cne kraje Europy, a wi\u0119c stawia Polsk\u0119 w sytuacji wyboru. Niedawno minister spraw zagranicznych wyrazi\u0142 poparcie dla ataku Ameryki na Irak nawet bez zgody ONZ, ale ju\u017c nazajutrz z tak daleko posuni\u0119tej deklaracji si\u0119 wycofa\u0142. Sonda\u017c OBOP, przeprowadzony na pocz\u0105tku stycznia 2003 roku pokazuje, co o poparciu Polski dla ataku na Irak my\u015bli og\u00f3\u0142 spo\u0142ecze\u0144stwa, masowa opinia publiczna.<\/p>\n<div class=\"infopay\">Raport udost\u0119pniany jest bezp\u0142atnie, w us\u0142udze &#8222;udost\u0119pnij aby pobra\u0107&#8221;.<br \/>\n          <b>Na czym to polega?<\/b> Raport b\u0119dzie dost\u0119pny do pobrania w pdf po udost\u0119pnieniu wpisu z linkiem do Archiwum Raport\u00f3w TNS Polska na wybranym serwisie spo\u0142eczno\u015bciowym: Facebooku lub Twitterze.\n          <\/div>\n","protected":false},"excerpt":{"rendered":"<p>Atak Ameryki na Irak jest coraz bli\u017cszy. Wojny s\u0105 narz\u0119dziami polityki, wi\u0119c i ta wojna jest spraw\u0105 polityczn\u0105 &#8211; tak\u017ce w Polsce. Dzieli ona Ameryk\u0119 i<\/p>\n","protected":false},"author":1,"featured_media":0,"comment_status":"closed","ping_status":"closed","sticky":false,"template":"","format":"standard","meta":{"ngg_post_thumbnail":0},"categories":[1],"tags":[],"_links":{"self":[{"href":"https:\/\/public.kantarpolska.com\/archiwumraportow\/wp-json\/wp\/v2\/posts\/1270"}],"collection":[{"href":"https:\/\/public.kantarpolska.com\/archiwumraportow\/wp-json\/wp\/v2\/posts"}],"about":[{"href":"https:\/\/public.kantarpolska.com\/archiwumraportow\/wp-json\/wp\/v2\/types\/post"}],"author":[{"embeddable":true,"href":"https:\/\/public.kantarpolska.com\/archiwumraportow\/wp-json\/wp\/v2\/users\/1"}],"replies":[{"embeddable":true,"href":"https:\/\/public.kantarpolska.com\/archiwumraportow\/wp-json\/wp\/v2\/comments?post=1270"}],"version-history":[{"count":0,"href":"https:\/\/public.kantarpolska.com\/archiwumraportow\/wp-json\/wp\/v2\/posts\/1270\/revisions"}],"wp:attachment":[{"href":"https:\/\/public.kantarpolska.com\/archiwumraportow\/wp-json\/wp\/v2\/media?parent=1270"}],"wp:term":[{"taxonomy":"category","embeddable":true,"href":"https:\/\/public.kantarpolska.com\/archiwumraportow\/wp-json\/wp\/v2\/categories?post=1270"},{"taxonomy":"post_tag","embeddable":true,"href":"https:\/\/public.kantarpolska.com\/archiwumraportow\/wp-json\/wp\/v2\/tags?post=1270"}],"curies":[{"name":"wp","href":"https:\/\/api.w.org\/{rel}","templated":true}]}}