
{"id":1269,"date":"2003-01-13T00:00:00","date_gmt":"2003-01-13T00:00:00","guid":{"rendered":"https:\/\/www.tnsglobal.pl\/archiwumraportow\/2003\/01\/13\/opinie-o-czlonkostwie-w-unii-europejskiej-w-pierwszej-polowie-stycznia-2003-r\/"},"modified":"2003-01-13T00:00:00","modified_gmt":"2003-01-13T00:00:00","slug":"opinie-o-czlonkostwie-w-unii-europejskiej-w-pierwszej-polowie-stycznia-2003-r","status":"publish","type":"post","link":"https:\/\/public.kantarpolska.com\/archiwumraportow\/2003\/01\/13\/opinie-o-czlonkostwie-w-unii-europejskiej-w-pierwszej-polowie-stycznia-2003-r\/","title":{"rendered":"Opinie o cz\u0142onkostwie w Unii Europejskiej w pierwszej po\u0142owie stycznia 2003 r."},"content":{"rendered":"<p>Poni\u017cszy komunikat przedstawia pierwsze w tym roku wyniki cyklicznego sonda\u017cu Euro-Track, zrealizowanego przez TNS OBOP w pierwszej po\u0142owie stycznia, miesi\u0105c po zako\u0144czeniu negocjacji na szczycie<!--more--> w Kopenhadze i po pierwszej w tym roku rekonstrukcji rz\u0105du. Poza standardowymi pytaniami o poczucie poinformowania o cz\u0142onkostwie, zamiar g\u0142osowania w referendum akcesyjnym oraz poparcie dla wej\u015bcia do Unii, w styczniowym pomiarze zapytali\u015bmy osoby, kt\u00f3re deklaruj\u0105, \u017ce nie b\u0119d\u0105 g\u0142osowa\u0107 w referendum lub nie podj\u0119\u0142y jeszcze decyzji w tej sprawie, o to, czy wzi\u0119\u0142yby udzia\u0142 w referendum gdyby trwa\u0142o ono przez dwa dni &#8211; w sobot\u0119 i niedziel\u0119 lub w niedziel\u0119 i poniedzia\u0142ek.<\/p>\n<div class=\"infopay\">Raport udost\u0119pniany jest bezp\u0142atnie, w us\u0142udze &#8222;udost\u0119pnij aby pobra\u0107&#8221;.<br \/>\n          <b>Na czym to polega?<\/b> Raport b\u0119dzie dost\u0119pny do pobrania w pdf po udost\u0119pnieniu wpisu z linkiem do Archiwum Raport\u00f3w TNS Polska na wybranym serwisie spo\u0142eczno\u015bciowym: Facebooku lub Twitterze.\n          <\/div>\n","protected":false},"excerpt":{"rendered":"<p>Poni\u017cszy komunikat przedstawia pierwsze w tym roku wyniki cyklicznego sonda\u017cu Euro-Track, zrealizowanego przez TNS OBOP w pierwszej po\u0142owie stycznia, miesi\u0105c po zako\u0144czeniu negocjacji na szczycie<\/p>\n","protected":false},"author":1,"featured_media":0,"comment_status":"closed","ping_status":"closed","sticky":false,"template":"","format":"standard","meta":{"ngg_post_thumbnail":0},"categories":[1],"tags":[],"_links":{"self":[{"href":"https:\/\/public.kantarpolska.com\/archiwumraportow\/wp-json\/wp\/v2\/posts\/1269"}],"collection":[{"href":"https:\/\/public.kantarpolska.com\/archiwumraportow\/wp-json\/wp\/v2\/posts"}],"about":[{"href":"https:\/\/public.kantarpolska.com\/archiwumraportow\/wp-json\/wp\/v2\/types\/post"}],"author":[{"embeddable":true,"href":"https:\/\/public.kantarpolska.com\/archiwumraportow\/wp-json\/wp\/v2\/users\/1"}],"replies":[{"embeddable":true,"href":"https:\/\/public.kantarpolska.com\/archiwumraportow\/wp-json\/wp\/v2\/comments?post=1269"}],"version-history":[{"count":0,"href":"https:\/\/public.kantarpolska.com\/archiwumraportow\/wp-json\/wp\/v2\/posts\/1269\/revisions"}],"wp:attachment":[{"href":"https:\/\/public.kantarpolska.com\/archiwumraportow\/wp-json\/wp\/v2\/media?parent=1269"}],"wp:term":[{"taxonomy":"category","embeddable":true,"href":"https:\/\/public.kantarpolska.com\/archiwumraportow\/wp-json\/wp\/v2\/categories?post=1269"},{"taxonomy":"post_tag","embeddable":true,"href":"https:\/\/public.kantarpolska.com\/archiwumraportow\/wp-json\/wp\/v2\/tags?post=1269"}],"curies":[{"name":"wp","href":"https:\/\/api.w.org\/{rel}","templated":true}]}}