
{"id":1264,"date":"2002-12-09T00:00:00","date_gmt":"2002-12-09T00:00:00","guid":{"rendered":"https:\/\/www.tnsglobal.pl\/archiwumraportow\/2002\/12\/09\/polski-homo-politicus-2004-1-zainteresowanie-polityka\/"},"modified":"2002-12-09T00:00:00","modified_gmt":"2002-12-09T00:00:00","slug":"polski-homo-politicus-2004-1-zainteresowanie-polityka","status":"publish","type":"post","link":"https:\/\/public.kantarpolska.com\/archiwumraportow\/2002\/12\/09\/polski-homo-politicus-2004-1-zainteresowanie-polityka\/","title":{"rendered":"Polski homo politicus 2004 (1) &#8211; zainteresowanie polityk\u0105"},"content":{"rendered":"<p>W kr\u00f3tkiej historii III Rzeczypospolitej tylko dwukrotnie &#8211; w 1992 r. i w 1999 r. &#8211; nie mieli\u015bmy okazji udawa\u0107 si\u0119 do urn wyborczych. W ka\u017cdym innym<!--more--> roku odbywa\u0142o si\u0119 jakie\u015b g\u0142osowanie: wybory parlamentarne, prezydenckie, samorz\u0105dowe czy referendum. Z frekwencj\u0105 bywa\u0142o w tym czasie r\u00f3\u017cnie: najbardziej mobilizowa\u0142y nas wybory prezydenckie. I w\u0142a\u015bnie w trakcie wybor\u00f3w prezydenckich, podczas odbywaj\u0105cej si\u0119 19 listopada 1995 r. II tury g\u0142osowania, pad\u0142 dotychczasowy rekord frekwencji: g\u0142osowa\u0142o 68,23% uprawnionych. Odmiennego rodzaju rekord odnotowywali\u015bmy przy okazji referendum uw\u0142aszczeniowego z 1996 r. oraz wybor\u00f3w samorz\u0105dowych z 1994 r. &#8211; w\u00f3wczas lokale wyborcze odwiedza\u0142 ledwie co trzeci spo\u015br\u00f3d og\u00f3\u0142u potencjalnych wyborc\u00f3w. W kontek\u015bcie tych wynik\u00f3w, rezultaty ostatnich g\u0142osowa\u0144 (46,29% w wyborach parlamentarnych i 44,23% &#8211; w samorz\u0105dowych) nie powinny usposabia\u0107 pesymistycznie &#8211; to nawet wi\u0119cej ni\u017c w analogicznych g\u0142osowaniach rozpisywanych tu\u017c po prze\u0142omie (w wyborach samorz\u0105dowych w 1990 r. g\u0142osowa\u0142o 42% Polak\u00f3w, a w parlamentarnych w 1991 r. &#8211; 43,2%). Mo\u017cna by oczekiwa\u0107, \u017ce sprawy kraju w wi\u0119kszym stopniu b\u0119d\u0105 anga\u017cowa\u0107 obywateli. Ale tak si\u0119 nie dzieje. Dlaczego?rnNiniejsze opracowanie po\u015bwi\u0119cone zosta\u0142o zainteresowaniu Polak\u00f3w polityk\u0105. Przywo\u0142ali\u015bmy wyniki ostatniego &#8211; grudniowego &#8211; sonda\u017cu zrealizowanego przez OBOP w 2002 r. M\u00f3wimy kim s\u0105 osoby &#8222;otwarte&#8221; na polityk\u0119 &#8211; zainteresowane ni\u0105 i maj\u0105ce swoje pogl\u0105dy, a kim s\u0105 ci, kt\u00f3rych tematyka ta nie anga\u017cuje.<\/p>\n<div class=\"infopay\">Raport udost\u0119pniany jest bezp\u0142atnie, w us\u0142udze &#8222;udost\u0119pnij aby pobra\u0107&#8221;.<br \/>\n          <b>Na czym to polega?<\/b> Raport b\u0119dzie dost\u0119pny do pobrania w pdf po udost\u0119pnieniu wpisu z linkiem do Archiwum Raport\u00f3w TNS Polska na wybranym serwisie spo\u0142eczno\u015bciowym: Facebooku lub Twitterze.\n          <\/div>\n","protected":false},"excerpt":{"rendered":"<p>W kr\u00f3tkiej historii III Rzeczypospolitej tylko dwukrotnie &#8211; w 1992 r. i w 1999 r. &#8211; nie mieli\u015bmy okazji udawa\u0107 si\u0119 do urn wyborczych. W ka\u017cdym innym<\/p>\n","protected":false},"author":1,"featured_media":0,"comment_status":"closed","ping_status":"closed","sticky":false,"template":"","format":"standard","meta":{"ngg_post_thumbnail":0},"categories":[1],"tags":[],"_links":{"self":[{"href":"https:\/\/public.kantarpolska.com\/archiwumraportow\/wp-json\/wp\/v2\/posts\/1264"}],"collection":[{"href":"https:\/\/public.kantarpolska.com\/archiwumraportow\/wp-json\/wp\/v2\/posts"}],"about":[{"href":"https:\/\/public.kantarpolska.com\/archiwumraportow\/wp-json\/wp\/v2\/types\/post"}],"author":[{"embeddable":true,"href":"https:\/\/public.kantarpolska.com\/archiwumraportow\/wp-json\/wp\/v2\/users\/1"}],"replies":[{"embeddable":true,"href":"https:\/\/public.kantarpolska.com\/archiwumraportow\/wp-json\/wp\/v2\/comments?post=1264"}],"version-history":[{"count":0,"href":"https:\/\/public.kantarpolska.com\/archiwumraportow\/wp-json\/wp\/v2\/posts\/1264\/revisions"}],"wp:attachment":[{"href":"https:\/\/public.kantarpolska.com\/archiwumraportow\/wp-json\/wp\/v2\/media?parent=1264"}],"wp:term":[{"taxonomy":"category","embeddable":true,"href":"https:\/\/public.kantarpolska.com\/archiwumraportow\/wp-json\/wp\/v2\/categories?post=1264"},{"taxonomy":"post_tag","embeddable":true,"href":"https:\/\/public.kantarpolska.com\/archiwumraportow\/wp-json\/wp\/v2\/tags?post=1264"}],"curies":[{"name":"wp","href":"https:\/\/api.w.org\/{rel}","templated":true}]}}