
{"id":1263,"date":"2002-12-09T00:00:00","date_gmt":"2002-12-09T00:00:00","guid":{"rendered":"https:\/\/www.tnsglobal.pl\/archiwumraportow\/2002\/12\/09\/polski-homo-politicus-2002-2-poglady-polityczne\/"},"modified":"2002-12-09T00:00:00","modified_gmt":"2002-12-09T00:00:00","slug":"polski-homo-politicus-2002-2-poglady-polityczne","status":"publish","type":"post","link":"https:\/\/public.kantarpolska.com\/archiwumraportow\/2002\/12\/09\/polski-homo-politicus-2002-2-poglady-polityczne\/","title":{"rendered":"Polski homo politicus 2002 (2) &#8211; pogl\u0105dy polityczne"},"content":{"rendered":"<p>W publikowanym niedawno pierwszym z serii &#8222;Polski homo politicus 2002&#8221; komunikacie po\u015bwi\u0119conym stosunkowi Polak\u00f3w do polityki skoncentrowali\u015bmy si\u0119 na zainteresowaniu Polak\u00f3w t\u0105 problematyk\u0105 i swoistej &#8222;otwarto\u015bci&#8221;<!--more--> na sprawy z tej sfery \u017cycia. Niniejsze opracowanie z kolei dotyczy politycznych pogl\u0105d\u00f3w ludzi: jak identyfikowali\u015bmy je na koniec 2002 r. i jak wyniki te prezentowa\u0142y si\u0119 na tle przekona\u0144 towarzysz\u0105cych nam w ostatnich pi\u0119ciu latach. Omawiane tu badanie realizowane by\u0142o w ko\u0144cu 2002 r., ale jeszcze przed szczytem w Kopenhadze, kt\u00f3re to wydarzenie mog\u0142o mie\u0107 wp\u0142yw, na polityczne sympatie i pogl\u0105dy Polak\u00f3w.<\/p>\n<div class=\"infopay\">Raport udost\u0119pniany jest bezp\u0142atnie, w us\u0142udze &#8222;udost\u0119pnij aby pobra\u0107&#8221;.<br \/>\n          <b>Na czym to polega?<\/b> Raport b\u0119dzie dost\u0119pny do pobrania w pdf po udost\u0119pnieniu wpisu z linkiem do Archiwum Raport\u00f3w TNS Polska na wybranym serwisie spo\u0142eczno\u015bciowym: Facebooku lub Twitterze.\n          <\/div>\n","protected":false},"excerpt":{"rendered":"<p>W publikowanym niedawno pierwszym z serii &#8222;Polski homo politicus 2002&#8221; komunikacie po\u015bwi\u0119conym stosunkowi Polak\u00f3w do polityki skoncentrowali\u015bmy si\u0119 na zainteresowaniu Polak\u00f3w t\u0105 problematyk\u0105 i swoistej &#8222;otwarto\u015bci&#8221;<\/p>\n","protected":false},"author":1,"featured_media":0,"comment_status":"closed","ping_status":"closed","sticky":false,"template":"","format":"standard","meta":{"ngg_post_thumbnail":0},"categories":[1],"tags":[],"_links":{"self":[{"href":"https:\/\/public.kantarpolska.com\/archiwumraportow\/wp-json\/wp\/v2\/posts\/1263"}],"collection":[{"href":"https:\/\/public.kantarpolska.com\/archiwumraportow\/wp-json\/wp\/v2\/posts"}],"about":[{"href":"https:\/\/public.kantarpolska.com\/archiwumraportow\/wp-json\/wp\/v2\/types\/post"}],"author":[{"embeddable":true,"href":"https:\/\/public.kantarpolska.com\/archiwumraportow\/wp-json\/wp\/v2\/users\/1"}],"replies":[{"embeddable":true,"href":"https:\/\/public.kantarpolska.com\/archiwumraportow\/wp-json\/wp\/v2\/comments?post=1263"}],"version-history":[{"count":0,"href":"https:\/\/public.kantarpolska.com\/archiwumraportow\/wp-json\/wp\/v2\/posts\/1263\/revisions"}],"wp:attachment":[{"href":"https:\/\/public.kantarpolska.com\/archiwumraportow\/wp-json\/wp\/v2\/media?parent=1263"}],"wp:term":[{"taxonomy":"category","embeddable":true,"href":"https:\/\/public.kantarpolska.com\/archiwumraportow\/wp-json\/wp\/v2\/categories?post=1263"},{"taxonomy":"post_tag","embeddable":true,"href":"https:\/\/public.kantarpolska.com\/archiwumraportow\/wp-json\/wp\/v2\/tags?post=1263"}],"curies":[{"name":"wp","href":"https:\/\/api.w.org\/{rel}","templated":true}]}}