
{"id":1259,"date":"2002-01-01T00:00:00","date_gmt":"2002-01-01T00:00:00","guid":{"rendered":"https:\/\/www.tnsglobal.pl\/archiwumraportow\/2002\/01\/01\/postawy-polakow-wobec-chorych-na-aids\/"},"modified":"2002-01-01T00:00:00","modified_gmt":"2002-01-01T00:00:00","slug":"postawy-polakow-wobec-chorych-na-aids","status":"publish","type":"post","link":"https:\/\/public.kantarpolska.com\/archiwumraportow\/2002\/01\/01\/postawy-polakow-wobec-chorych-na-aids\/","title":{"rendered":"Postawy Polak\u00f3w wobec chorych na AIDS"},"content":{"rendered":"<p>Czy osoby zaka\u017cone HIV powinny mie\u0107 mo\u017cliwo\u015b\u0107 kontynuowania swojej pracy? Czy Polacy opiekowaliby si\u0119 chorym na AIDS? Czy chorzy winni mie\u0107 prawo do utrzymania tego w<!--more--> tajemnicy? Czy osoby chore na AIDS powinny korzysta\u0107 z opieki zdrowotnej takiej jak inni chorzy?  <\/p>\n<div class=\"infopay\">Raport udost\u0119pniany jest bezp\u0142atnie, w us\u0142udze &#8222;udost\u0119pnij aby pobra\u0107&#8221;.<br \/>\n          <b>Na czym to polega?<\/b> Raport b\u0119dzie dost\u0119pny do pobrania w pdf po udost\u0119pnieniu wpisu z linkiem do Archiwum Raport\u00f3w TNS Polska na wybranym serwisie spo\u0142eczno\u015bciowym: Facebooku lub Twitterze.\n          <\/div>\n","protected":false},"excerpt":{"rendered":"<p>Czy osoby zaka\u017cone HIV powinny mie\u0107 mo\u017cliwo\u015b\u0107 kontynuowania swojej pracy? Czy Polacy opiekowaliby si\u0119 chorym na AIDS? Czy chorzy winni mie\u0107 prawo do utrzymania tego w<\/p>\n","protected":false},"author":1,"featured_media":0,"comment_status":"closed","ping_status":"closed","sticky":false,"template":"","format":"standard","meta":{"ngg_post_thumbnail":0},"categories":[1],"tags":[],"_links":{"self":[{"href":"https:\/\/public.kantarpolska.com\/archiwumraportow\/wp-json\/wp\/v2\/posts\/1259"}],"collection":[{"href":"https:\/\/public.kantarpolska.com\/archiwumraportow\/wp-json\/wp\/v2\/posts"}],"about":[{"href":"https:\/\/public.kantarpolska.com\/archiwumraportow\/wp-json\/wp\/v2\/types\/post"}],"author":[{"embeddable":true,"href":"https:\/\/public.kantarpolska.com\/archiwumraportow\/wp-json\/wp\/v2\/users\/1"}],"replies":[{"embeddable":true,"href":"https:\/\/public.kantarpolska.com\/archiwumraportow\/wp-json\/wp\/v2\/comments?post=1259"}],"version-history":[{"count":0,"href":"https:\/\/public.kantarpolska.com\/archiwumraportow\/wp-json\/wp\/v2\/posts\/1259\/revisions"}],"wp:attachment":[{"href":"https:\/\/public.kantarpolska.com\/archiwumraportow\/wp-json\/wp\/v2\/media?parent=1259"}],"wp:term":[{"taxonomy":"category","embeddable":true,"href":"https:\/\/public.kantarpolska.com\/archiwumraportow\/wp-json\/wp\/v2\/categories?post=1259"},{"taxonomy":"post_tag","embeddable":true,"href":"https:\/\/public.kantarpolska.com\/archiwumraportow\/wp-json\/wp\/v2\/tags?post=1259"}],"curies":[{"name":"wp","href":"https:\/\/api.w.org\/{rel}","templated":true}]}}