
{"id":1258,"date":"2002-11-14T00:00:00","date_gmt":"2002-11-14T00:00:00","guid":{"rendered":"https:\/\/www.tnsglobal.pl\/archiwumraportow\/2002\/11\/14\/polacy-o-wyborach-samorzadowych\/"},"modified":"2002-11-14T00:00:00","modified_gmt":"2002-11-14T00:00:00","slug":"polacy-o-wyborach-samorzadowych","status":"publish","type":"post","link":"https:\/\/public.kantarpolska.com\/archiwumraportow\/2002\/11\/14\/polacy-o-wyborach-samorzadowych\/","title":{"rendered":"Polacy o wyborach samorz\u0105dowych"},"content":{"rendered":"<p>W sonda\u017cu przeprowadzonym przez TNS OBOP w kilka dni po drugiej turze wybor\u00f3w samorz\u0105dowych zapytano respondent\u00f3w, jaki jest ich zdaniem wp\u0142yw tych wybor\u00f3w na bieg polskich spraw. Badani<!--more--> ocenili wp\u0142yw lokalnych wybor\u00f3w na rozw\u00f3j region\u00f3w, miast i obszar\u00f3w wiejskich, na rozw\u00f3j demokracji lokalnej, a tak\u017ce czy wybory samorz\u0105dowe u\u0142atwi\u0105 przygotowanie si\u0119 Polski do wej\u015bcia do Unii Europejskiej. Uzyskane odpowiedzi pozwalaj\u0105 sformu\u0142owa\u0107 kilka og\u00f3lnych wniosk\u00f3w na temat oceny demokracji lokalnej przez polskie spo\u0142ecze\u0144stwo.<\/p>\n<div class=\"infopay\">Raport udost\u0119pniany jest bezp\u0142atnie, w us\u0142udze &#8222;udost\u0119pnij aby pobra\u0107&#8221;.<br \/>\n          <b>Na czym to polega?<\/b> Raport b\u0119dzie dost\u0119pny do pobrania w pdf po udost\u0119pnieniu wpisu z linkiem do Archiwum Raport\u00f3w TNS Polska na wybranym serwisie spo\u0142eczno\u015bciowym: Facebooku lub Twitterze.\n          <\/div>\n","protected":false},"excerpt":{"rendered":"<p>W sonda\u017cu przeprowadzonym przez TNS OBOP w kilka dni po drugiej turze wybor\u00f3w samorz\u0105dowych zapytano respondent\u00f3w, jaki jest ich zdaniem wp\u0142yw tych wybor\u00f3w na bieg polskich spraw. Badani<\/p>\n","protected":false},"author":1,"featured_media":0,"comment_status":"closed","ping_status":"closed","sticky":false,"template":"","format":"standard","meta":{"ngg_post_thumbnail":0},"categories":[1],"tags":[],"_links":{"self":[{"href":"https:\/\/public.kantarpolska.com\/archiwumraportow\/wp-json\/wp\/v2\/posts\/1258"}],"collection":[{"href":"https:\/\/public.kantarpolska.com\/archiwumraportow\/wp-json\/wp\/v2\/posts"}],"about":[{"href":"https:\/\/public.kantarpolska.com\/archiwumraportow\/wp-json\/wp\/v2\/types\/post"}],"author":[{"embeddable":true,"href":"https:\/\/public.kantarpolska.com\/archiwumraportow\/wp-json\/wp\/v2\/users\/1"}],"replies":[{"embeddable":true,"href":"https:\/\/public.kantarpolska.com\/archiwumraportow\/wp-json\/wp\/v2\/comments?post=1258"}],"version-history":[{"count":0,"href":"https:\/\/public.kantarpolska.com\/archiwumraportow\/wp-json\/wp\/v2\/posts\/1258\/revisions"}],"wp:attachment":[{"href":"https:\/\/public.kantarpolska.com\/archiwumraportow\/wp-json\/wp\/v2\/media?parent=1258"}],"wp:term":[{"taxonomy":"category","embeddable":true,"href":"https:\/\/public.kantarpolska.com\/archiwumraportow\/wp-json\/wp\/v2\/categories?post=1258"},{"taxonomy":"post_tag","embeddable":true,"href":"https:\/\/public.kantarpolska.com\/archiwumraportow\/wp-json\/wp\/v2\/tags?post=1258"}],"curies":[{"name":"wp","href":"https:\/\/api.w.org\/{rel}","templated":true}]}}