
{"id":1257,"date":"2002-12-09T00:00:00","date_gmt":"2002-12-09T00:00:00","guid":{"rendered":"https:\/\/www.tnsglobal.pl\/archiwumraportow\/2002\/12\/09\/preferencje-partyjne-polakow-w-grudniu-2002-r\/"},"modified":"2002-12-09T00:00:00","modified_gmt":"2002-12-09T00:00:00","slug":"preferencje-partyjne-polakow-w-grudniu-2002-r","status":"publish","type":"post","link":"https:\/\/public.kantarpolska.com\/archiwumraportow\/2002\/12\/09\/preferencje-partyjne-polakow-w-grudniu-2002-r\/","title":{"rendered":"Preferencje partyjne Polak\u00f3w w grudniu 2002 r."},"content":{"rendered":"<p>W grudniowym badaniu preferencji partyjnych zapytali\u015bmy Polak\u00f3w nie tylko o to, czy i jak g\u0142osowaliby w wyborach do Sejmu &#8211; gdyby mia\u0142y si\u0119 one odbywa\u0107 w<!--more--> grudniu &#8211; ale tak\u017ce, o to czy posiadaj\u0105 partie drugiego wyboru, na kt\u00f3re sk\u0142onni byliby ewentualnie przerzuci\u0107 sw\u00f3j g\u0142os oraz takie, kt\u00f3rych na pewno by nie poparli. rnSonda\u017c zrealizowany zosta\u0142 kilka dni przed szczytem w Kopenhadze.<\/p>\n<div class=\"infopay\">Raport udost\u0119pniany jest bezp\u0142atnie, w us\u0142udze &#8222;udost\u0119pnij aby pobra\u0107&#8221;.<br \/>\n          <b>Na czym to polega?<\/b> Raport b\u0119dzie dost\u0119pny do pobrania w pdf po udost\u0119pnieniu wpisu z linkiem do Archiwum Raport\u00f3w TNS Polska na wybranym serwisie spo\u0142eczno\u015bciowym: Facebooku lub Twitterze.\n          <\/div>\n","protected":false},"excerpt":{"rendered":"<p>W grudniowym badaniu preferencji partyjnych zapytali\u015bmy Polak\u00f3w nie tylko o to, czy i jak g\u0142osowaliby w wyborach do Sejmu &#8211; gdyby mia\u0142y si\u0119 one odbywa\u0107 w<\/p>\n","protected":false},"author":1,"featured_media":0,"comment_status":"closed","ping_status":"closed","sticky":false,"template":"","format":"standard","meta":{"ngg_post_thumbnail":0},"categories":[1],"tags":[],"_links":{"self":[{"href":"https:\/\/public.kantarpolska.com\/archiwumraportow\/wp-json\/wp\/v2\/posts\/1257"}],"collection":[{"href":"https:\/\/public.kantarpolska.com\/archiwumraportow\/wp-json\/wp\/v2\/posts"}],"about":[{"href":"https:\/\/public.kantarpolska.com\/archiwumraportow\/wp-json\/wp\/v2\/types\/post"}],"author":[{"embeddable":true,"href":"https:\/\/public.kantarpolska.com\/archiwumraportow\/wp-json\/wp\/v2\/users\/1"}],"replies":[{"embeddable":true,"href":"https:\/\/public.kantarpolska.com\/archiwumraportow\/wp-json\/wp\/v2\/comments?post=1257"}],"version-history":[{"count":0,"href":"https:\/\/public.kantarpolska.com\/archiwumraportow\/wp-json\/wp\/v2\/posts\/1257\/revisions"}],"wp:attachment":[{"href":"https:\/\/public.kantarpolska.com\/archiwumraportow\/wp-json\/wp\/v2\/media?parent=1257"}],"wp:term":[{"taxonomy":"category","embeddable":true,"href":"https:\/\/public.kantarpolska.com\/archiwumraportow\/wp-json\/wp\/v2\/categories?post=1257"},{"taxonomy":"post_tag","embeddable":true,"href":"https:\/\/public.kantarpolska.com\/archiwumraportow\/wp-json\/wp\/v2\/tags?post=1257"}],"curies":[{"name":"wp","href":"https:\/\/api.w.org\/{rel}","templated":true}]}}