
{"id":1256,"date":"2002-10-07T00:00:00","date_gmt":"2002-10-07T00:00:00","guid":{"rendered":"https:\/\/www.tnsglobal.pl\/archiwumraportow\/2002\/10\/07\/czy-polakom-brakuje-na-chleb\/"},"modified":"2002-10-07T00:00:00","modified_gmt":"2002-10-07T00:00:00","slug":"czy-polakom-brakuje-na-chleb","status":"publish","type":"post","link":"https:\/\/public.kantarpolska.com\/archiwumraportow\/2002\/10\/07\/czy-polakom-brakuje-na-chleb\/","title":{"rendered":"Czy Polakom brakuje na chleb?"},"content":{"rendered":"<p>W pierwszych dniach pa\u017adziernika TNS OBOP, w ramach wsp\u00f3\u0142pracy z Sieci\u0105 Partner\u00f3w PCK,  zrealizowa\u0142 badanie sonda\u017cowe, w kt\u00f3rym zapytano Polak\u00f3w czy i z jakich powod\u00f3w zdarza<!--more--> im si\u0119 wyrzuca\u0107 jedzenie; czy w ich rodzinach mia\u0142y miejsce takie sytuacje, \u017ce brakowa\u0142o im pieni\u0119dzy na jedzenie i wreszcie jaki ich zdaniem odsetek ludzi w naszym kraju nie ma na chleb. Powsta\u0142y po badaniu komunikat prezentuje opinie badanych na powy\u017csze tematy.<\/p>\n<div class=\"infopay\">Raport udost\u0119pniany jest bezp\u0142atnie, w us\u0142udze &#8222;udost\u0119pnij aby pobra\u0107&#8221;.<br \/>\n          <b>Na czym to polega?<\/b> Raport b\u0119dzie dost\u0119pny do pobrania w pdf po udost\u0119pnieniu wpisu z linkiem do Archiwum Raport\u00f3w TNS Polska na wybranym serwisie spo\u0142eczno\u015bciowym: Facebooku lub Twitterze.\n          <\/div>\n","protected":false},"excerpt":{"rendered":"<p>W pierwszych dniach pa\u017adziernika TNS OBOP, w ramach wsp\u00f3\u0142pracy z Sieci\u0105 Partner\u00f3w PCK, zrealizowa\u0142 badanie sonda\u017cowe, w kt\u00f3rym zapytano Polak\u00f3w czy i z jakich powod\u00f3w zdarza<\/p>\n","protected":false},"author":1,"featured_media":0,"comment_status":"closed","ping_status":"closed","sticky":false,"template":"","format":"standard","meta":{"ngg_post_thumbnail":0},"categories":[1],"tags":[],"_links":{"self":[{"href":"https:\/\/public.kantarpolska.com\/archiwumraportow\/wp-json\/wp\/v2\/posts\/1256"}],"collection":[{"href":"https:\/\/public.kantarpolska.com\/archiwumraportow\/wp-json\/wp\/v2\/posts"}],"about":[{"href":"https:\/\/public.kantarpolska.com\/archiwumraportow\/wp-json\/wp\/v2\/types\/post"}],"author":[{"embeddable":true,"href":"https:\/\/public.kantarpolska.com\/archiwumraportow\/wp-json\/wp\/v2\/users\/1"}],"replies":[{"embeddable":true,"href":"https:\/\/public.kantarpolska.com\/archiwumraportow\/wp-json\/wp\/v2\/comments?post=1256"}],"version-history":[{"count":0,"href":"https:\/\/public.kantarpolska.com\/archiwumraportow\/wp-json\/wp\/v2\/posts\/1256\/revisions"}],"wp:attachment":[{"href":"https:\/\/public.kantarpolska.com\/archiwumraportow\/wp-json\/wp\/v2\/media?parent=1256"}],"wp:term":[{"taxonomy":"category","embeddable":true,"href":"https:\/\/public.kantarpolska.com\/archiwumraportow\/wp-json\/wp\/v2\/categories?post=1256"},{"taxonomy":"post_tag","embeddable":true,"href":"https:\/\/public.kantarpolska.com\/archiwumraportow\/wp-json\/wp\/v2\/tags?post=1256"}],"curies":[{"name":"wp","href":"https:\/\/api.w.org\/{rel}","templated":true}]}}