
{"id":1255,"date":"2002-12-09T00:00:00","date_gmt":"2002-12-09T00:00:00","guid":{"rendered":"https:\/\/www.tnsglobal.pl\/archiwumraportow\/2002\/12\/09\/polacy-o-przystapieniu-do-unii-europejskiej-w-przededniu-szczytu-w-kopenhadze\/"},"modified":"2002-12-09T00:00:00","modified_gmt":"2002-12-09T00:00:00","slug":"polacy-o-przystapieniu-do-unii-europejskiej-w-przededniu-szczytu-w-kopenhadze","status":"publish","type":"post","link":"https:\/\/public.kantarpolska.com\/archiwumraportow\/2002\/12\/09\/polacy-o-przystapieniu-do-unii-europejskiej-w-przededniu-szczytu-w-kopenhadze\/","title":{"rendered":"Polacy o przyst\u0105pieniu do Unii Europejskiej w przededniu szczytu w Kopenhadze"},"content":{"rendered":"<p>Ostatni z tegorocznych sonda\u017cy Euro-Track, d\u0142ugiej serii bada\u0144 nad stosunkiem spo\u0142ecze\u0144stwa polskiego do Unii Europejskiej, OBOP przeprowadzi\u0142 w dniach 7-9 grudnia 2002 roku. By\u0142o to tydzie\u0144 przed<!--more--> szczytem w Kopenhadze, na kt\u00f3rym Polsk\u0119 czeka\u0142 trudny fina\u0142 negocjacji i na kt\u00f3rym mia\u0142a by\u0107 podana data 1 maja 2004 roku jako dzie\u0144, w kt\u00f3rym Polska mo\u017ce wej\u015b\u0107 do UE. W Polsce tymczasem rozlega\u0142y si\u0119 g\u0142osy wzywaj\u0105ce do zasadniczej debaty nad warunkami przyst\u0105pienia do Unii oraz zastanawiano si\u0119, czy obecny rz\u0105d uzyskuje w negocjacjach dobre warunki dla naszego kraju. Analiza tych bada\u0144 pisana jest ju\u017c po spotkaniu w Kopenhadze, na kt\u00f3rym Polska pomy\u015blnie zako\u0144czy\u0142a negocjacje i zosta\u0142a zaproszona do Unii z dniem 1 maja 2004 roku &#8211; ale po pozytywnym wyniku referendum akcesyjnego. Sonda\u017c zawiera wi\u0119c unikaln\u0105, ostatni\u0105 przed kopenhask\u0105 decyzj\u0105, fotografi\u0119 stanu masowej opinii w sprawach unijnych.<\/p>\n<div class=\"infopay\">Raport udost\u0119pniany jest bezp\u0142atnie, w us\u0142udze &#8222;udost\u0119pnij aby pobra\u0107&#8221;.<br \/>\n          <b>Na czym to polega?<\/b> Raport b\u0119dzie dost\u0119pny do pobrania w pdf po udost\u0119pnieniu wpisu z linkiem do Archiwum Raport\u00f3w TNS Polska na wybranym serwisie spo\u0142eczno\u015bciowym: Facebooku lub Twitterze.\n          <\/div>\n","protected":false},"excerpt":{"rendered":"<p>Ostatni z tegorocznych sonda\u017cy Euro-Track, d\u0142ugiej serii bada\u0144 nad stosunkiem spo\u0142ecze\u0144stwa polskiego do Unii Europejskiej, OBOP przeprowadzi\u0142 w dniach 7-9 grudnia 2002 roku. By\u0142o to tydzie\u0144 przed<\/p>\n","protected":false},"author":1,"featured_media":0,"comment_status":"closed","ping_status":"closed","sticky":false,"template":"","format":"standard","meta":{"ngg_post_thumbnail":0},"categories":[1],"tags":[],"_links":{"self":[{"href":"https:\/\/public.kantarpolska.com\/archiwumraportow\/wp-json\/wp\/v2\/posts\/1255"}],"collection":[{"href":"https:\/\/public.kantarpolska.com\/archiwumraportow\/wp-json\/wp\/v2\/posts"}],"about":[{"href":"https:\/\/public.kantarpolska.com\/archiwumraportow\/wp-json\/wp\/v2\/types\/post"}],"author":[{"embeddable":true,"href":"https:\/\/public.kantarpolska.com\/archiwumraportow\/wp-json\/wp\/v2\/users\/1"}],"replies":[{"embeddable":true,"href":"https:\/\/public.kantarpolska.com\/archiwumraportow\/wp-json\/wp\/v2\/comments?post=1255"}],"version-history":[{"count":0,"href":"https:\/\/public.kantarpolska.com\/archiwumraportow\/wp-json\/wp\/v2\/posts\/1255\/revisions"}],"wp:attachment":[{"href":"https:\/\/public.kantarpolska.com\/archiwumraportow\/wp-json\/wp\/v2\/media?parent=1255"}],"wp:term":[{"taxonomy":"category","embeddable":true,"href":"https:\/\/public.kantarpolska.com\/archiwumraportow\/wp-json\/wp\/v2\/categories?post=1255"},{"taxonomy":"post_tag","embeddable":true,"href":"https:\/\/public.kantarpolska.com\/archiwumraportow\/wp-json\/wp\/v2\/tags?post=1255"}],"curies":[{"name":"wp","href":"https:\/\/api.w.org\/{rel}","templated":true}]}}