
{"id":1253,"date":"2002-11-25T00:00:00","date_gmt":"2002-11-25T00:00:00","guid":{"rendered":"https:\/\/www.tnsglobal.pl\/archiwumraportow\/2002\/11\/25\/polacy-o-zbrodni-w-jedwabnem\/"},"modified":"2002-11-25T00:00:00","modified_gmt":"2002-11-25T00:00:00","slug":"polacy-o-zbrodni-w-jedwabnem","status":"publish","type":"post","link":"https:\/\/public.kantarpolska.com\/archiwumraportow\/2002\/11\/25\/polacy-o-zbrodni-w-jedwabnem\/","title":{"rendered":"Polacy o zbrodni w Jedwabnem"},"content":{"rendered":"<p>Ca\u0142y rok, mi\u0119dzy majem 2000 a lipcem 2001 roku toczy\u0142a si\u0119 w Polsce wielka debata wok\u00f3\u0142 masowej zbrodni na \u017bydach w Jedwabnem, pope\u0142nionej w 1941 roku przez miejscow\u0105<!--more--> ludno\u015b\u0107 polsk\u0105, przy udziale Niemc\u00f3w. Dyskusj\u0119 rozpocz\u0119\u0142y odkrycia Jana T. Grossa, a zako\u0144czy\u0142a uroczysto\u015b\u0107 na miejscu zbrodni i s\u0142owa przeprosin wypowiedziane tam przez Prezydenta RP. Potem nast\u0105pi\u0142a cisza, przerywana tylko doniesieniami o wynikach \u015bledztwa prowadzonego przez Instytut Pami\u0119ci Narodowej. Gdy w listopadzie 2002 roku IPN opublikowa\u0142 dwa tomy studi\u00f3w i dokument\u00f3w &#8222;Wok\u00f3\u0142 Jedwabnego&#8221;, OBOP postanowi\u0142 zbada\u0107, jaka wiedza i jakie pogl\u0105dy na temat Jedwabnego pozosta\u0142y w umys\u0142ach Polak\u00f3w po tej dyskusji. Komunikat zawiera wyniki tego badania.<\/p>\n<div class=\"infopay\">Raport udost\u0119pniany jest bezp\u0142atnie, w us\u0142udze &#8222;udost\u0119pnij aby pobra\u0107&#8221;.<br \/>\n          <b>Na czym to polega?<\/b> Raport b\u0119dzie dost\u0119pny do pobrania w pdf po udost\u0119pnieniu wpisu z linkiem do Archiwum Raport\u00f3w TNS Polska na wybranym serwisie spo\u0142eczno\u015bciowym: Facebooku lub Twitterze.\n          <\/div>\n","protected":false},"excerpt":{"rendered":"<p>Ca\u0142y rok, mi\u0119dzy majem 2000 a lipcem 2001 roku toczy\u0142a si\u0119 w Polsce wielka debata wok\u00f3\u0142 masowej zbrodni na \u017bydach w Jedwabnem, pope\u0142nionej w 1941 roku przez miejscow\u0105<\/p>\n","protected":false},"author":1,"featured_media":0,"comment_status":"closed","ping_status":"closed","sticky":false,"template":"","format":"standard","meta":{"ngg_post_thumbnail":0},"categories":[1],"tags":[],"_links":{"self":[{"href":"https:\/\/public.kantarpolska.com\/archiwumraportow\/wp-json\/wp\/v2\/posts\/1253"}],"collection":[{"href":"https:\/\/public.kantarpolska.com\/archiwumraportow\/wp-json\/wp\/v2\/posts"}],"about":[{"href":"https:\/\/public.kantarpolska.com\/archiwumraportow\/wp-json\/wp\/v2\/types\/post"}],"author":[{"embeddable":true,"href":"https:\/\/public.kantarpolska.com\/archiwumraportow\/wp-json\/wp\/v2\/users\/1"}],"replies":[{"embeddable":true,"href":"https:\/\/public.kantarpolska.com\/archiwumraportow\/wp-json\/wp\/v2\/comments?post=1253"}],"version-history":[{"count":0,"href":"https:\/\/public.kantarpolska.com\/archiwumraportow\/wp-json\/wp\/v2\/posts\/1253\/revisions"}],"wp:attachment":[{"href":"https:\/\/public.kantarpolska.com\/archiwumraportow\/wp-json\/wp\/v2\/media?parent=1253"}],"wp:term":[{"taxonomy":"category","embeddable":true,"href":"https:\/\/public.kantarpolska.com\/archiwumraportow\/wp-json\/wp\/v2\/categories?post=1253"},{"taxonomy":"post_tag","embeddable":true,"href":"https:\/\/public.kantarpolska.com\/archiwumraportow\/wp-json\/wp\/v2\/tags?post=1253"}],"curies":[{"name":"wp","href":"https:\/\/api.w.org\/{rel}","templated":true}]}}